{"id":91224,"date":"2016-06-08T11:01:07","date_gmt":"2016-06-08T09:01:07","guid":{"rendered":"http:\/\/comunicacion.umh.es\/?p=91224"},"modified":"2016-06-08T11:01:07","modified_gmt":"2016-06-08T09:01:07","slug":"el-conjunto-vocal-pneuma-de-la-umh-y-la-camerata-numen-ofrecen-el-concierto-de-primavera-en-la-iglesia-de-san-jose-de-elche","status":"publish","type":"post","link":"https:\/\/comunicacion.umh.es\/ca\/2016\/06\/08\/el-conjunto-vocal-pneuma-de-la-umh-y-la-camerata-numen-ofrecen-el-concierto-de-primavera-en-la-iglesia-de-san-jose-de-elche\/","title":{"rendered":"<span lang=\"es\">(Espa\u00f1ol) El Conjunto Vocal Pneuma de la UMH y la Camerata Numen ofrecen el Concierto de Primavera en la Iglesia de San Jos\u00e9 de Elche<\/span>"},"content":{"rendered":"<p class=\"qtranxs-available-languages-message qtranxs-available-languages-message-ca\">Ho sent, per\u00f2 aquesta entrada nom\u00e9s est\u00e0 disponible en <a href=\"https:\/\/comunicacion.umh.es\/es\/wp-json\/wp\/v2\/posts\/91224\" class=\"qtranxs-available-language-link qtranxs-available-language-link-es\" title=\"Espa\u00f1ol\">Espanyol Europeu<\/a>.<\/p>","protected":false},"excerpt":{"rendered":"<p>Ho sent, per\u00f2 aquesta entrada nom\u00e9s est\u00e0 disponible en Espanyol Europeu.<\/p>\n","protected":false},"author":3524,"featured_media":0,"comment_status":"closed","ping_status":"open","sticky":false,"template":"","format":"standard","meta":{"ngg_post_thumbnail":0,"_links_to":"","_links_to_target":""},"categories":[770,87,69,2782,43,2788],"tags":[],"_links":{"self":[{"href":"https:\/\/comunicacion.umh.es\/ca\/wp-json\/wp\/v2\/posts\/91224"}],"collection":[{"href":"https:\/\/comunicacion.umh.es\/ca\/wp-json\/wp\/v2\/posts"}],"about":[{"href":"https:\/\/comunicacion.umh.es\/ca\/wp-json\/wp\/v2\/types\/post"}],"author":[{"embeddable":true,"href":"https:\/\/comunicacion.umh.es\/ca\/wp-json\/wp\/v2\/users\/3524"}],"replies":[{"embeddable":true,"href":"https:\/\/comunicacion.umh.es\/ca\/wp-json\/wp\/v2\/comments?post=91224"}],"version-history":[{"count":0,"href":"https:\/\/comunicacion.umh.es\/ca\/wp-json\/wp\/v2\/posts\/91224\/revisions"}],"wp:attachment":[{"href":"https:\/\/comunicacion.umh.es\/ca\/wp-json\/wp\/v2\/media?parent=91224"}],"wp:term":[{"taxonomy":"category","embeddable":true,"href":"https:\/\/comunicacion.umh.es\/ca\/wp-json\/wp\/v2\/categories?post=91224"},{"taxonomy":"post_tag","embeddable":true,"href":"https:\/\/comunicacion.umh.es\/ca\/wp-json\/wp\/v2\/tags?post=91224"}],"curies":[{"name":"wp","href":"https:\/\/api.w.org\/{rel}","templated":true}]}}