{"id":91938,"date":"2016-09-02T13:06:42","date_gmt":"2016-09-02T11:06:42","guid":{"rendered":"http:\/\/comunicacion.umh.es\/?p=91938"},"modified":"2016-09-02T13:41:51","modified_gmt":"2016-09-02T11:41:51","slug":"el-laboratori-didiomes-posa-en-marxa-classes-per-a-reforcar-lexpressio-oral-en-valencia","status":"publish","type":"post","link":"https:\/\/comunicacion.umh.es\/ca\/2016\/09\/02\/el-laboratori-didiomes-posa-en-marxa-classes-per-a-reforcar-lexpressio-oral-en-valencia\/","title":{"rendered":"El Laboratori d&#8217;Idiomes posa en marxa classes per a refor\u00e7ar l&#8217;expressi\u00f3 oral en valenci\u00e0"},"content":{"rendered":"<p><\/p>\n<p style=\"text-align: justify\">\u201cParlem-ne\u201d \u00e9s el nom del curs que ha posat en marxa el Laboratori d&#8217;Idiomes de la Universitat Miguel Hern\u00e1ndez (UMH) d&#8217;Elx, dirigit a tots aquells interessats a refor\u00e7ar l&#8217;expressi\u00f3 oral en valenci\u00e0 en els nivells B1 (Elemental) i C1 (Mitj\u00e0). La matr\u00edcula per a aquestes sessions estar\u00e0 oberta fins al 22 de setembre i podr\u00e0 realitzar-se a trav\u00e9s de la web www.idiomasumh.es\/parlem-ne. Les classes comen\u00e7aran el 3 d&#8217;octubre i es desenvoluparan en el campus d&#8217;Elx de la UMH.<!--more--><a href=\"https:\/\/comunicacion.umh.es\/files\/2015\/10\/19-07-12-QuorumI.jpg\"><img loading=\"lazy\" class=\"size-medium wp-image-86648 alignleft\" src=\"https:\/\/comunicacion.umh.es\/files\/2015\/10\/19-07-12-QuorumI-300x200.jpg\" alt=\"19-07-12-QuorumI\" width=\"300\" height=\"200\" \/><\/a><\/p>\n<p style=\"text-align: justify\">Durant aquestes sessions, d&#8217;una hora setmanal, els alumnes treballaran tant l&#8217;expressi\u00f3 com la interacci\u00f3 oral amb els companys i amb el professor. Es fomentaran, entre altres, els debats, les conversacions en parella i els mon\u00f2legs. Tot aix\u00f2, a trav\u00e9s de l&#8217;estructura requerida en l&#8217;\u00e0rea d&#8217;expressi\u00f3 oral de les proves oficials de la Junta Qualificadora de Coneixements en Valenci\u00e0 (JQCV) i de les de la Comissi\u00f3 Interuniversit\u00e0ria d&#8217;Estandaritzaci\u00f3 d&#8217;Acreditacions de Coneixements de Valenci\u00e0 (CIEACOVA).<\/p>\n<p style=\"text-align: justify\">\u201cParlem-ne\u201d \u00e9s un complement als cursos anuals que oferix el Laboratori d&#8217;Idiomes de la UMH per a preparar les proves de la JQCV o de la CIEACOVA. La inscripci\u00f3 per a aquests cursos anuals estar\u00e0 oberta fins al 22 de setembre i es realitzar\u00e0 de forma online, a trav\u00e9s de la web www.idiomasumh.es\/valenciano\/inscripcion.<\/p>\n<p style=\"text-align: justify\">M\u00e9s informaci\u00f3 sobre horaris i matr\u00edcula en la w<\/p>\n<p><\/p>","protected":false},"excerpt":{"rendered":"<p>\u201cParlem-ne\u201d \u00e9s el nom del curs que ha posat en marxa el Laboratori d&#8217;Idiomes de la Universitat Miguel Hern\u00e1ndez (UMH) d&#8217;Elx, dirigit a tots aquells interessats a refor\u00e7ar l&#8217;expressi\u00f3 oral en valenci\u00e0 en els nivells B1 (Elemental) i C1 (Mitj\u00e0). La matr\u00edcula per a aquestes sessions estar\u00e0 oberta fins al 22 de setembre i podr\u00e0 [&#8230;]<\/p>\n","protected":false},"author":3524,"featured_media":0,"comment_status":"closed","ping_status":"open","sticky":false,"template":"","format":"standard","meta":{"ngg_post_thumbnail":0,"_links_to":"","_links_to_target":""},"categories":[770,69,2789,2782,2790,43],"tags":[],"_links":{"self":[{"href":"https:\/\/comunicacion.umh.es\/ca\/wp-json\/wp\/v2\/posts\/91938"}],"collection":[{"href":"https:\/\/comunicacion.umh.es\/ca\/wp-json\/wp\/v2\/posts"}],"about":[{"href":"https:\/\/comunicacion.umh.es\/ca\/wp-json\/wp\/v2\/types\/post"}],"author":[{"embeddable":true,"href":"https:\/\/comunicacion.umh.es\/ca\/wp-json\/wp\/v2\/users\/3524"}],"replies":[{"embeddable":true,"href":"https:\/\/comunicacion.umh.es\/ca\/wp-json\/wp\/v2\/comments?post=91938"}],"version-history":[{"count":0,"href":"https:\/\/comunicacion.umh.es\/ca\/wp-json\/wp\/v2\/posts\/91938\/revisions"}],"wp:attachment":[{"href":"https:\/\/comunicacion.umh.es\/ca\/wp-json\/wp\/v2\/media?parent=91938"}],"wp:term":[{"taxonomy":"category","embeddable":true,"href":"https:\/\/comunicacion.umh.es\/ca\/wp-json\/wp\/v2\/categories?post=91938"},{"taxonomy":"post_tag","embeddable":true,"href":"https:\/\/comunicacion.umh.es\/ca\/wp-json\/wp\/v2\/tags?post=91938"}],"curies":[{"name":"wp","href":"https:\/\/api.w.org\/{rel}","templated":true}]}}