{"id":92105,"date":"2016-09-20T09:56:16","date_gmt":"2016-09-20T07:56:16","guid":{"rendered":"http:\/\/comunicacion.umh.es\/?p=92105"},"modified":"2016-09-27T14:01:15","modified_gmt":"2016-09-27T12:01:15","slug":"galeria-fotografica-de-la-entrega-de-premios-a-los-mejores-trabajos-fin-de-master-en-temas-de-enoturismo","status":"publish","type":"post","link":"https:\/\/comunicacion.umh.es\/ca\/2016\/09\/20\/galeria-fotografica-de-la-entrega-de-premios-a-los-mejores-trabajos-fin-de-master-en-temas-de-enoturismo\/","title":{"rendered":"<span lang=\"es\">(Espa\u00f1ol) Galer\u00eda fotogr\u00e1fica de la entrega de premios a los mejores Trabajos Fin de M\u00e1ster en temas de Enoturismo<\/span>"},"content":{"rendered":"<p>&nbsp;<\/br>&nbsp;<\/br>&nbsp;<\/br><br \/>\n<!--more--><p>no images were found<\/p>\n<p>no images were found<\/p>\n<\/p>","protected":false},"excerpt":{"rendered":"<p>&nbsp;<\/br>&nbsp;<\/br>&nbsp;<\/br><br \/>\n[nggallery id=000][nggallery id=000]<\/p>\n","protected":false},"author":2693,"featured_media":0,"comment_status":"closed","ping_status":"open","sticky":false,"template":"","format":"standard","meta":{"ngg_post_thumbnail":0,"_links_to":"","_links_to_target":""},"categories":[770,69,2789,2782,191,43,1],"tags":[],"_links":{"self":[{"href":"https:\/\/comunicacion.umh.es\/ca\/wp-json\/wp\/v2\/posts\/92105"}],"collection":[{"href":"https:\/\/comunicacion.umh.es\/ca\/wp-json\/wp\/v2\/posts"}],"about":[{"href":"https:\/\/comunicacion.umh.es\/ca\/wp-json\/wp\/v2\/types\/post"}],"author":[{"embeddable":true,"href":"https:\/\/comunicacion.umh.es\/ca\/wp-json\/wp\/v2\/users\/2693"}],"replies":[{"embeddable":true,"href":"https:\/\/comunicacion.umh.es\/ca\/wp-json\/wp\/v2\/comments?post=92105"}],"version-history":[{"count":0,"href":"https:\/\/comunicacion.umh.es\/ca\/wp-json\/wp\/v2\/posts\/92105\/revisions"}],"wp:attachment":[{"href":"https:\/\/comunicacion.umh.es\/ca\/wp-json\/wp\/v2\/media?parent=92105"}],"wp:term":[{"taxonomy":"category","embeddable":true,"href":"https:\/\/comunicacion.umh.es\/ca\/wp-json\/wp\/v2\/categories?post=92105"},{"taxonomy":"post_tag","embeddable":true,"href":"https:\/\/comunicacion.umh.es\/ca\/wp-json\/wp\/v2\/tags?post=92105"}],"curies":[{"name":"wp","href":"https:\/\/api.w.org\/{rel}","templated":true}]}}