{"id":92247,"date":"2016-09-29T13:30:29","date_gmt":"2016-09-29T11:30:29","guid":{"rendered":"http:\/\/comunicacion.umh.es\/?p=92247"},"modified":"2016-09-29T14:46:39","modified_gmt":"2016-09-29T12:46:39","slug":"la-umh-inaugura-el-curso-academico-2016-17-con-la-investidura-del-geologo-jaume-bech-i-borras-como-doctor-honoris-causa","status":"publish","type":"post","link":"https:\/\/comunicacion.umh.es\/ca\/2016\/09\/29\/la-umh-inaugura-el-curso-academico-2016-17-con-la-investidura-del-geologo-jaume-bech-i-borras-como-doctor-honoris-causa\/","title":{"rendered":"<span lang=\"es\">(Espa\u00f1ol) La UMH inaugura el curso acad\u00e9mico 2016-17 con la investidura del ge\u00f3logo Jaume Bech i Borr\u00e0s como Doctor Honoris Causa<\/span>"},"content":{"rendered":"<p><!--more--><audio class=\"wp-audio-shortcode\" id=\"audio-92247-5\" preload=\"none\" style=\"width: 100%;\" controls=\"controls\"><source type=\"audio\/mpeg\" src=\"https:\/\/comunicacion.umh.es\/files\/2016\/09\/290916-RECTOR-IRIS.mp3?_=5\" \/><source type=\"\" src=\"http:\/\/(((URL%20de%20AUDIO)))?_=5\" \/><a href=\"https:\/\/comunicacion.umh.es\/files\/2016\/09\/290916-RECTOR-IRIS.mp3\">https:\/\/comunicacion.umh.es\/files\/2016\/09\/290916-RECTOR-IRIS.mp3<\/a><\/audio><\/p>\n<p><audio class=\"wp-audio-shortcode\" id=\"audio-92247-6\" preload=\"none\" style=\"width: 100%;\" controls=\"controls\"><source type=\"audio\/mpeg\" src=\"https:\/\/comunicacion.umh.es\/files\/2016\/09\/290916-RECTOR-ADMIN-ELCTRONICA.mp3?_=6\" \/><a href=\"https:\/\/comunicacion.umh.es\/files\/2016\/09\/290916-RECTOR-ADMIN-ELCTRONICA.mp3\">https:\/\/comunicacion.umh.es\/files\/2016\/09\/290916-RECTOR-ADMIN-ELCTRONICA.mp3<\/a><\/audio><audio class=\"wp-audio-shortcode\" id=\"audio-92247-7\" preload=\"none\" style=\"width: 100%;\" controls=\"controls\"><source type=\"audio\/mpeg\" src=\"https:\/\/comunicacion.umh.es\/files\/2016\/09\/290916-RECTOR-IRIS.mp3?_=7\" \/><source type=\"\" src=\"http:\/\/(((URL%20de%20AUDIO)))?_=7\" \/><a href=\"https:\/\/comunicacion.umh.es\/files\/2016\/09\/290916-RECTOR-IRIS.mp3\">https:\/\/comunicacion.umh.es\/files\/2016\/09\/290916-RECTOR-IRIS.mp3<\/a><\/audio><\/p>\n<p><audio class=\"wp-audio-shortcode\" id=\"audio-92247-8\" preload=\"none\" style=\"width: 100%;\" controls=\"controls\"><source type=\"audio\/mpeg\" src=\"https:\/\/comunicacion.umh.es\/files\/2016\/09\/290916-RECTOR-ADMIN-ELCTRONICA.mp3?_=8\" \/><a href=\"https:\/\/comunicacion.umh.es\/files\/2016\/09\/290916-RECTOR-ADMIN-ELCTRONICA.mp3\">https:\/\/comunicacion.umh.es\/files\/2016\/09\/290916-RECTOR-ADMIN-ELCTRONICA.mp3<\/a><\/audio><audio class=\"wp-audio-shortcode\" id=\"audio-92247-9\" preload=\"none\" style=\"width: 100%;\" controls=\"controls\"><source type=\"audio\/mpeg\" src=\"https:\/\/comunicacion.umh.es\/files\/2016\/09\/290916-RECTOR-IRIS.mp3?_=9\" \/><source type=\"\" src=\"http:\/\/(((URL%20de%20AUDIO)))?_=9\" \/><a href=\"https:\/\/comunicacion.umh.es\/files\/2016\/09\/290916-RECTOR-IRIS.mp3\">https:\/\/comunicacion.umh.es\/files\/2016\/09\/290916-RECTOR-IRIS.mp3<\/a><\/audio><\/p>","protected":false},"excerpt":{"rendered":"<p>[audio:(((URL de AUDIO)))|titles=(((TITULO)))][audio:(((URL de AUDIO)))|titles=(((TITULO)))][audio:(((URL de AUDIO)))|titles=(((TITULO)))][audio:(((URL de AUDIO)))|titles=(((TITULO)))][audio:(((URL de AUDIO)))|titles=(((TITULO)))][audio:(((URL de AUDIO)))|titles=(((TITULO)))][nggallery id=000]<\/p>\n","protected":false},"author":3524,"featured_media":0,"comment_status":"closed","ping_status":"open","sticky":false,"template":"","format":"standard","meta":{"ngg_post_thumbnail":0,"_links_to":"","_links_to_target":""},"categories":[2477,770,69,2782,2783,43],"tags":[],"_links":{"self":[{"href":"https:\/\/comunicacion.umh.es\/ca\/wp-json\/wp\/v2\/posts\/92247"}],"collection":[{"href":"https:\/\/comunicacion.umh.es\/ca\/wp-json\/wp\/v2\/posts"}],"about":[{"href":"https:\/\/comunicacion.umh.es\/ca\/wp-json\/wp\/v2\/types\/post"}],"author":[{"embeddable":true,"href":"https:\/\/comunicacion.umh.es\/ca\/wp-json\/wp\/v2\/users\/3524"}],"replies":[{"embeddable":true,"href":"https:\/\/comunicacion.umh.es\/ca\/wp-json\/wp\/v2\/comments?post=92247"}],"version-history":[{"count":0,"href":"https:\/\/comunicacion.umh.es\/ca\/wp-json\/wp\/v2\/posts\/92247\/revisions"}],"wp:attachment":[{"href":"https:\/\/comunicacion.umh.es\/ca\/wp-json\/wp\/v2\/media?parent=92247"}],"wp:term":[{"taxonomy":"category","embeddable":true,"href":"https:\/\/comunicacion.umh.es\/ca\/wp-json\/wp\/v2\/categories?post=92247"},{"taxonomy":"post_tag","embeddable":true,"href":"https:\/\/comunicacion.umh.es\/ca\/wp-json\/wp\/v2\/tags?post=92247"}],"curies":[{"name":"wp","href":"https:\/\/api.w.org\/{rel}","templated":true}]}}