{"id":92520,"date":"2016-10-21T09:45:07","date_gmt":"2016-10-21T07:45:07","guid":{"rendered":"http:\/\/comunicacion.umh.es\/?p=92520"},"modified":"2016-10-21T10:54:18","modified_gmt":"2016-10-21T08:54:18","slug":"umh-television-dedica-un-reportaje-al-proyecto-de-cooperacion-al-desarrollo-en-ruanda","status":"publish","type":"post","link":"https:\/\/comunicacion.umh.es\/ca\/2016\/10\/21\/umh-television-dedica-un-reportaje-al-proyecto-de-cooperacion-al-desarrollo-en-ruanda\/","title":{"rendered":"<span lang=\"es\">(Espa\u00f1ol) UMH Televisi\u00f3n dedica un reportaje al proyecto de cooperaci\u00f3n al desarrollo en Ruanda<\/span>"},"content":{"rendered":"<p><!--more-->&nbsp;<\/br>&nbsp;<\/br>&nbsp;<\/br><br \/>\n&nbsp;<\/br>&nbsp;<\/br>&nbsp;<\/br><br \/>\n&nbsp;<\/br>&nbsp;<\/br>&nbsp;<\/br><br \/>\n&nbsp;<\/br>&nbsp;<\/br>&nbsp;<\/br><br \/>\n&nbsp;<\/br>&nbsp;<\/br>&nbsp;<\/br><br \/>\n&nbsp;<\/br>&nbsp;<\/br>&nbsp;<\/br><br \/>\n<\/p>","protected":false},"excerpt":{"rendered":"<p>&nbsp;<\/br>&nbsp;<\/br>&nbsp;<\/br><br \/>\n&nbsp;<\/br>&nbsp;<\/br>&nbsp;<\/br><br \/>\n&nbsp;<\/br>&nbsp;<\/br>&nbsp;<\/br><br \/>\n&nbsp;<\/br>&nbsp;<\/br>&nbsp;<\/br><br \/>\n&nbsp;<\/br>&nbsp;<\/br>&nbsp;<\/br><br \/>\n&nbsp;<\/br>&nbsp;<\/br>&nbsp;<\/br><\/p>\n","protected":false},"author":3524,"featured_media":0,"comment_status":"closed","ping_status":"open","sticky":false,"template":"","format":"standard","meta":{"ngg_post_thumbnail":0,"_links_to":"","_links_to_target":""},"categories":[770,69,2789,2782,2783,43,9670,2785,9674,9672],"tags":[],"_links":{"self":[{"href":"https:\/\/comunicacion.umh.es\/ca\/wp-json\/wp\/v2\/posts\/92520"}],"collection":[{"href":"https:\/\/comunicacion.umh.es\/ca\/wp-json\/wp\/v2\/posts"}],"about":[{"href":"https:\/\/comunicacion.umh.es\/ca\/wp-json\/wp\/v2\/types\/post"}],"author":[{"embeddable":true,"href":"https:\/\/comunicacion.umh.es\/ca\/wp-json\/wp\/v2\/users\/3524"}],"replies":[{"embeddable":true,"href":"https:\/\/comunicacion.umh.es\/ca\/wp-json\/wp\/v2\/comments?post=92520"}],"version-history":[{"count":0,"href":"https:\/\/comunicacion.umh.es\/ca\/wp-json\/wp\/v2\/posts\/92520\/revisions"}],"wp:attachment":[{"href":"https:\/\/comunicacion.umh.es\/ca\/wp-json\/wp\/v2\/media?parent=92520"}],"wp:term":[{"taxonomy":"category","embeddable":true,"href":"https:\/\/comunicacion.umh.es\/ca\/wp-json\/wp\/v2\/categories?post=92520"},{"taxonomy":"post_tag","embeddable":true,"href":"https:\/\/comunicacion.umh.es\/ca\/wp-json\/wp\/v2\/tags?post=92520"}],"curies":[{"name":"wp","href":"https:\/\/api.w.org\/{rel}","templated":true}]}}