{"id":92840,"date":"2016-11-11T10:06:51","date_gmt":"2016-11-11T09:06:51","guid":{"rendered":"http:\/\/comunicacion.umh.es\/?p=92840"},"modified":"2016-11-11T12:25:21","modified_gmt":"2016-11-11T11:25:21","slug":"la-maraton-de-donacion-de-sangre-abre-el-informativo-de-umh-television-esta-semana","status":"publish","type":"post","link":"https:\/\/comunicacion.umh.es\/ca\/2016\/11\/11\/la-maraton-de-donacion-de-sangre-abre-el-informativo-de-umh-television-esta-semana\/","title":{"rendered":"<span lang=\"es\">(Espa\u00f1ol) La primera jornada del Campeonato Auton\u00f3mico de Deporte Universitario, en el informativo de UMH Televisi\u00f3n esta semana<\/span>"},"content":{"rendered":"<p><!--more-->&nbsp;<\/br>&nbsp;<\/br>&nbsp;<\/br><br \/>\n&nbsp;<\/br>&nbsp;<\/br>&nbsp;<\/br><br \/>\n&nbsp;<\/br>&nbsp;<\/br>&nbsp;<\/br><br \/>\n&nbsp;<\/br>&nbsp;<\/br>&nbsp;<\/br><br \/>\n<\/p>","protected":false},"excerpt":{"rendered":"<p>&nbsp;<\/br>&nbsp;<\/br>&nbsp;<\/br><br \/>\n&nbsp;<\/br>&nbsp;<\/br>&nbsp;<\/br><br \/>\n&nbsp;<\/br>&nbsp;<\/br>&nbsp;<\/br><br \/>\n&nbsp;<\/br>&nbsp;<\/br>&nbsp;<\/br><\/p>\n","protected":false},"author":3620,"featured_media":0,"comment_status":"closed","ping_status":"open","sticky":false,"template":"","format":"standard","meta":{"ngg_post_thumbnail":0,"_links_to":"","_links_to_target":""},"categories":[770,69,2782,43,9670,9672],"tags":[],"_links":{"self":[{"href":"https:\/\/comunicacion.umh.es\/ca\/wp-json\/wp\/v2\/posts\/92840"}],"collection":[{"href":"https:\/\/comunicacion.umh.es\/ca\/wp-json\/wp\/v2\/posts"}],"about":[{"href":"https:\/\/comunicacion.umh.es\/ca\/wp-json\/wp\/v2\/types\/post"}],"author":[{"embeddable":true,"href":"https:\/\/comunicacion.umh.es\/ca\/wp-json\/wp\/v2\/users\/3620"}],"replies":[{"embeddable":true,"href":"https:\/\/comunicacion.umh.es\/ca\/wp-json\/wp\/v2\/comments?post=92840"}],"version-history":[{"count":0,"href":"https:\/\/comunicacion.umh.es\/ca\/wp-json\/wp\/v2\/posts\/92840\/revisions"}],"wp:attachment":[{"href":"https:\/\/comunicacion.umh.es\/ca\/wp-json\/wp\/v2\/media?parent=92840"}],"wp:term":[{"taxonomy":"category","embeddable":true,"href":"https:\/\/comunicacion.umh.es\/ca\/wp-json\/wp\/v2\/categories?post=92840"},{"taxonomy":"post_tag","embeddable":true,"href":"https:\/\/comunicacion.umh.es\/ca\/wp-json\/wp\/v2\/tags?post=92840"}],"curies":[{"name":"wp","href":"https:\/\/api.w.org\/{rel}","templated":true}]}}