{"id":92922,"date":"2016-11-17T11:21:54","date_gmt":"2016-11-17T10:21:54","guid":{"rendered":"http:\/\/comunicacion.umh.es\/?p=92922"},"modified":"2016-11-28T09:32:11","modified_gmt":"2016-11-28T08:32:11","slug":"profesoras-lanzan-la-web-de-nutricion-badali","status":"publish","type":"post","link":"https:\/\/comunicacion.umh.es\/ca\/2016\/11\/17\/profesoras-lanzan-la-web-de-nutricion-badali\/","title":{"rendered":"Professores de la UMH llancen la web de Nutrici\u00f3 &#8220;BADALI&#8221;"},"content":{"rendered":"<p><\/p>\n<p style=\"text-align: justify\">Ajudar a la societat a menjar sa i a millorar la seua salut. Aquest \u00e9s el principal objectiu de la p\u00e0gina web BADALI (<a href=\"http:\/\/badali.umh.es\">http:\/\/badali.umh.es<\/a>), impulsada per les professores de l&#8217;\u00c0rea de Nutrici\u00f3 i Bromatologia de la Universitat Miguel Hern\u00e1ndez (UMH) d&#8217;Elx Ana Bel\u00e9n Ropero i Marta Beltr\u00e1. BADALI \u00e9s una web de nutrici\u00f3, estructurada al voltant d&#8217;una base de dades d&#8217;aliments, que arreplega la composici\u00f3 de centenars d&#8217;aliments i productes presents en el mercat, acompanyada d&#8217;una valoraci\u00f3 nutricional individual de cada un d&#8217;ells. Un xicotet v\u00eddeo de presentaci\u00f3 pot visitar-se en el canal Youtube de la UMH (<a href=\"https:\/\/www.youtube.com\/watch?v=rIbO3fEFtKY\">https:\/\/www.youtube.com\/watch?v=rIbO3fEFtKY<\/a>).<!--more--><\/p>\n<p style=\"text-align: justify\"><a href=\"https:\/\/comunicacion.umh.es\/files\/2016\/11\/17-11-16-badali.jpg\"><img loading=\"lazy\" class=\"alignleft size-medium wp-image-92923\" src=\"https:\/\/comunicacion.umh.es\/files\/2016\/11\/17-11-16-badali-300x133.jpg\" alt=\"17-11-16-badali\" width=\"300\" height=\"133\" srcset=\"https:\/\/comunicacion.umh.es\/files\/2016\/11\/17-11-16-badali-300x133.jpg 300w, https:\/\/comunicacion.umh.es\/files\/2016\/11\/17-11-16-badali.jpg 536w\" sizes=\"(max-width: 300px) 100vw, 300px\" \/><\/a><\/p>\n<p style=\"text-align: justify\">BADALI proporciona una recomanaci\u00f3 de consum espec\u00edfica per a cada aliment i en ella s&#8217;avalua si s\u00f3n certs els beneficis per a la salut que se&#8217;ls atribu\u00efx. A m\u00e9s, s&#8217;han elaborat desenes d&#8217;articles a qu\u00e8 poden accedir els usuaris a trav\u00e9s de multitud d&#8217;enlla\u00e7os, per a aquells que vullguen desenvolupar la seua pr\u00f2pia opini\u00f3 cr\u00edtica en mat\u00e8ria de nutrici\u00f3. Les opinions i els textos que es troben en BADALI estan basats en opinions cient\u00edfiques d&#8217;institucions competents de l&#8217;\u00e0mbit nacional i internacional i en els resultats de la investigaci\u00f3. Pret\u00e9n ser un contrap\u00e9s a tota la informaci\u00f3 parcial i interessada que es publica principalment en internet per usuaris sense formaci\u00f3 i per les pr\u00f2pies empreses del sector alimentari, aix\u00ed com desmentir errors i mites en la nutrici\u00f3. L&#8217;objectiu \u00e9s ajudar a la societat a aconseguir el benefici per a la salut que suposa seguir una dieta equilibrada i revertir l&#8217;alarmant incid\u00e8ncia de sobrec\u00e0rrega i obesitat que es d\u00f3na a Espanya.<\/p>\n<p style=\"text-align: justify\">Aquest treball de les professores de la UMH Ana Bel\u00e9n Ropero i Marta Beltr\u00e1 \u00e9s un projecte en fase de prototip amb una estructura definida que anir\u00e0 creixent i enriquint-se en el temps. BADALI respon aix\u00ed a la gran demanda d&#8217;informaci\u00f3 que existix en l&#8217;actualitat sobre els aliments i ho fa de forma independent, amb l&#8217;\u00fanic inter\u00e9s de millorar la salut de la societat.<\/p>\n<p style=\"text-align: justify\">En l&#8217;elaboraci\u00f3 de la web han participat, tamb\u00e9, estudiants de la UMH, davall la supervisi\u00f3 de les professores Ropero i Beltr\u00e1. Per la seua banda, el director de l&#8217;Institut d&#8217;Investigaci\u00f3 &#8220;Centre d&#8217;Investigaci\u00f3 Operativa (CIO)&#8221; de la UMH, Federico Botella, ha dirigit el desenvolupament inform\u00e0tic de BADALI.<\/p>\n<p style=\"text-align: justify\">Una descripci\u00f3 m\u00e9s detallada del projecte pot veure&#8217;s en la confer\u00e8ncia &#8220;BADALI. El nostre h\u00e0bit m\u00e9s saludable&#8221;, disponible en <a href=\"https:\/\/www.youtube.com\/watch?v=hSREF3etmY0\">https:\/\/www.youtube.com\/watch?v=hSREF3etmY0<\/a> .<\/p>\n<p><\/p>","protected":false},"excerpt":{"rendered":"<p>Ajudar a la societat a menjar sa i a millorar la seua salut. Aquest \u00e9s el principal objectiu de la p\u00e0gina web BADALI (http:\/\/badali.umh.es), impulsada per les professores de l&#8217;\u00c0rea de Nutrici\u00f3 i Bromatologia de la Universitat Miguel Hern\u00e1ndez (UMH) d&#8217;Elx Ana Bel\u00e9n Ropero i Marta Beltr\u00e1. BADALI \u00e9s una web de nutrici\u00f3, estructurada al [&#8230;]<\/p>\n","protected":false},"author":3524,"featured_media":0,"comment_status":"closed","ping_status":"open","sticky":false,"template":"","format":"standard","meta":{"ngg_post_thumbnail":0,"_links_to":"","_links_to_target":""},"categories":[770,87,69,191,2786,43,2788,2777],"tags":[],"_links":{"self":[{"href":"https:\/\/comunicacion.umh.es\/ca\/wp-json\/wp\/v2\/posts\/92922"}],"collection":[{"href":"https:\/\/comunicacion.umh.es\/ca\/wp-json\/wp\/v2\/posts"}],"about":[{"href":"https:\/\/comunicacion.umh.es\/ca\/wp-json\/wp\/v2\/types\/post"}],"author":[{"embeddable":true,"href":"https:\/\/comunicacion.umh.es\/ca\/wp-json\/wp\/v2\/users\/3524"}],"replies":[{"embeddable":true,"href":"https:\/\/comunicacion.umh.es\/ca\/wp-json\/wp\/v2\/comments?post=92922"}],"version-history":[{"count":0,"href":"https:\/\/comunicacion.umh.es\/ca\/wp-json\/wp\/v2\/posts\/92922\/revisions"}],"wp:attachment":[{"href":"https:\/\/comunicacion.umh.es\/ca\/wp-json\/wp\/v2\/media?parent=92922"}],"wp:term":[{"taxonomy":"category","embeddable":true,"href":"https:\/\/comunicacion.umh.es\/ca\/wp-json\/wp\/v2\/categories?post=92922"},{"taxonomy":"post_tag","embeddable":true,"href":"https:\/\/comunicacion.umh.es\/ca\/wp-json\/wp\/v2\/tags?post=92922"}],"curies":[{"name":"wp","href":"https:\/\/api.w.org\/{rel}","templated":true}]}}