{"id":94599,"date":"2017-03-28T12:55:16","date_gmt":"2017-03-28T10:55:16","guid":{"rendered":"http:\/\/comunicacion.umh.es\/?p=94599"},"modified":"2017-03-29T10:39:59","modified_gmt":"2017-03-29T08:39:59","slug":"puesta-en-marcha-del-comedor-de-las-escuelas-de-nemba-en-ruanda","status":"publish","type":"post","link":"https:\/\/comunicacion.umh.es\/ca\/2017\/03\/28\/puesta-en-marcha-del-comedor-de-las-escuelas-de-nemba-en-ruanda\/","title":{"rendered":"La UMH posa en marxa a Rwanda el menjador de les escoles de Nemba"},"content":{"rendered":"<p><\/p>\n<p style=\"text-align: justify\">El bisbe de la di\u00f2cesi de Ruh\u00e9nderi (Rwanda), Vincent Harolimana, el director de la C\u00e0tedra Seu UMH a Rwanda, Mariano P\u00e9rez Arroyo, i diverses autoritats rwandeses han inaugurat el menjador i la cuina de les escoles de Nemba, un projecte impulsat per la C\u00e0tedra Seu UMH a Rwanda i el Vicerectorat de Relacions Internacionals de la Universitat Miguel Hern\u00e1ndez (UMH) d&#8217;Elx. El rector de la UMH, Jes\u00fas Pastor Ciurana, i el vicerector de Relacions Internacionals, Vicente Micol, han assistit de forma telem\u00e0tica des del campus d&#8217;Elx a aquesta inauguraci\u00f3.<!--more--><\/p>\n<p style=\"text-align: justify\"><a href=\"https:\/\/comunicacion.umh.es\/files\/2017\/03\/DSC_0011.jpg\"><img loading=\"lazy\" class=\"alignleft size-medium wp-image-94601\" src=\"https:\/\/comunicacion.umh.es\/files\/2017\/03\/DSC_0011-300x200.jpg\" alt=\"DSC_0011\" width=\"300\" height=\"200\" srcset=\"https:\/\/comunicacion.umh.es\/files\/2017\/03\/DSC_0011-300x200.jpg 300w, https:\/\/comunicacion.umh.es\/files\/2017\/03\/DSC_0011-768x512.jpg 768w, https:\/\/comunicacion.umh.es\/files\/2017\/03\/DSC_0011-1024x683.jpg 1024w, https:\/\/comunicacion.umh.es\/files\/2017\/03\/DSC_0011-960x640.jpg 960w, https:\/\/comunicacion.umh.es\/files\/2017\/03\/DSC_0011-480x320.jpg 480w, https:\/\/comunicacion.umh.es\/files\/2017\/03\/DSC_0011-320x213.jpg 320w, https:\/\/comunicacion.umh.es\/files\/2017\/03\/DSC_0011-240x160.jpg 240w\" sizes=\"(max-width: 300px) 100vw, 300px\" \/><\/a><\/p>\n<p style=\"text-align: justify\">Amb la construcci\u00f3 del menjador i la cuina, la UMH finalitza les obres de restauraci\u00f3 de les escoles de Nemba que va iniciar fa uns anys. Aquestes escoles en qu\u00e8 la UMH ha constru\u00eft la cuina i el menjador estan gestionades per la di\u00f2cesi de Ruh\u00e9nderi i es troben al costat de les instal\u00b7lacions que la UMH t\u00e9 a Rwanda.<\/p>\n<p style=\"text-align: justify\">El menjador de les escoles de Nemba t\u00e9 capacitat per a un total de 600 xiquets. Xics i xiques de totes les edats i nivells socioecon\u00f2mics que menjaran junts des de hui en aquest espai, dotat de tot el mobiliari i d&#8217;una gran cuina. A m\u00e9s, per a afavorir la desaparici\u00f3 de malalties i fomentar l&#8217;adquisici\u00f3 de bons h\u00e0bits, la Universitat ha instal\u00b7lat a l&#8217;entrada del menjador un sistema de lavabos, que permetr\u00e0 que tots els escolars puguen rentar-se les mans abans d&#8217;iniciar el menjar.<\/p>\n<p style=\"text-align: justify\">Aquesta infraestructura s&#8217;emmarca dins del pla d&#8217;acci\u00f3 que ha posat en marxa el Ministeri d&#8217;Educaci\u00f3 de Rwanda. Aquest pla persegueix que tots els escolars de la xarxa oficial de l&#8217;Estat s&#8217;alimenten en la seua pr\u00f2pia escola. Les cuines i el menjador de Nemba permetran que, a partir de hui, els xics i xiques d&#8217;aquesta escola, independentment de la seua edat i nivell socioecon\u00f2mic, reben el seu plat de menjar diari.<\/p>\n<p style=\"text-align: justify\">La construcci\u00f3 d&#8217;aquesta infraestructura se suma a la posada en marxa de les beques menjador, producte de les converses que la UMH va mantindre amb les autoritats competents i que es van materialitzar en l&#8217;acord de subvencionar els menjars amb l&#8217;ajut de les associacions de pares, l&#8217;aportaci\u00f3 del districte i de la pr\u00f2pia Universitat.<\/p>\n<p style=\"text-align: justify\">El resultat de les accions de cooperaci\u00f3 de la UMH a Rwanda s&#8217;ha materialitzat en la construcci\u00f3 d&#8217;escoles, en la reconstrucci\u00f3 de l&#8217;hospital de Nemba despr\u00e9s de la guerra del 94 i en la generaci\u00f3 d&#8217;una estructura docent, que ha perm\u00e9s anomenar aquest projecte el cinqu\u00e8 campus de la UMH. La Universitat celebra el seu 20 aniversari amb aquesta \u00faltima acci\u00f3, la posada en marxa del menjador i la cuina en les escoles de Nemba.<\/p>\n<p style=\"text-align: justify\"><a href=\"https:\/\/comunicacion.umh.es\/files\/2017\/03\/DSC_0012.jpg\"><img loading=\"lazy\" class=\"alignleft size-medium wp-image-94602\" src=\"https:\/\/comunicacion.umh.es\/files\/2017\/03\/DSC_0012-300x200.jpg\" alt=\"DSC_0012\" width=\"300\" height=\"200\" srcset=\"https:\/\/comunicacion.umh.es\/files\/2017\/03\/DSC_0012-300x200.jpg 300w, https:\/\/comunicacion.umh.es\/files\/2017\/03\/DSC_0012-768x512.jpg 768w, https:\/\/comunicacion.umh.es\/files\/2017\/03\/DSC_0012-1024x683.jpg 1024w, https:\/\/comunicacion.umh.es\/files\/2017\/03\/DSC_0012-960x640.jpg 960w, https:\/\/comunicacion.umh.es\/files\/2017\/03\/DSC_0012-480x320.jpg 480w, https:\/\/comunicacion.umh.es\/files\/2017\/03\/DSC_0012-320x213.jpg 320w, https:\/\/comunicacion.umh.es\/files\/2017\/03\/DSC_0012-240x160.jpg 240w\" sizes=\"(max-width: 300px) 100vw, 300px\" \/><\/a><\/p>\n<p><\/p>","protected":false},"excerpt":{"rendered":"<p>El bisbe de la di\u00f2cesi de Ruh\u00e9nderi (Rwanda), Vincent Harolimana, el director de la C\u00e0tedra Seu UMH a Rwanda, Mariano P\u00e9rez Arroyo, i diverses autoritats rwandeses han inaugurat el menjador i la cuina de les escoles de Nemba, un projecte impulsat per la C\u00e0tedra Seu UMH a Rwanda i el Vicerectorat de Relacions Internacionals de [&#8230;]<\/p>\n","protected":false},"author":3620,"featured_media":0,"comment_status":"closed","ping_status":"open","sticky":false,"template":"","format":"standard","meta":{"ngg_post_thumbnail":0,"_links_to":"","_links_to_target":""},"categories":[770,69,2782,43,2777],"tags":[],"_links":{"self":[{"href":"https:\/\/comunicacion.umh.es\/ca\/wp-json\/wp\/v2\/posts\/94599"}],"collection":[{"href":"https:\/\/comunicacion.umh.es\/ca\/wp-json\/wp\/v2\/posts"}],"about":[{"href":"https:\/\/comunicacion.umh.es\/ca\/wp-json\/wp\/v2\/types\/post"}],"author":[{"embeddable":true,"href":"https:\/\/comunicacion.umh.es\/ca\/wp-json\/wp\/v2\/users\/3620"}],"replies":[{"embeddable":true,"href":"https:\/\/comunicacion.umh.es\/ca\/wp-json\/wp\/v2\/comments?post=94599"}],"version-history":[{"count":0,"href":"https:\/\/comunicacion.umh.es\/ca\/wp-json\/wp\/v2\/posts\/94599\/revisions"}],"wp:attachment":[{"href":"https:\/\/comunicacion.umh.es\/ca\/wp-json\/wp\/v2\/media?parent=94599"}],"wp:term":[{"taxonomy":"category","embeddable":true,"href":"https:\/\/comunicacion.umh.es\/ca\/wp-json\/wp\/v2\/categories?post=94599"},{"taxonomy":"post_tag","embeddable":true,"href":"https:\/\/comunicacion.umh.es\/ca\/wp-json\/wp\/v2\/tags?post=94599"}],"curies":[{"name":"wp","href":"https:\/\/api.w.org\/{rel}","templated":true}]}}