{"id":95284,"date":"2017-05-16T11:59:31","date_gmt":"2017-05-16T09:59:31","guid":{"rendered":"http:\/\/comunicacion.umh.es\/?p=95284"},"modified":"2017-05-16T11:59:31","modified_gmt":"2017-05-16T09:59:31","slug":"la-umh-concede-el-premio-aitana-2017-al-profesor-alan-kazdin-por-su-trayectoria-en-el-campo-de-la-psicologia-clinica-infantil","status":"publish","type":"post","link":"https:\/\/comunicacion.umh.es\/ca\/2017\/05\/16\/la-umh-concede-el-premio-aitana-2017-al-profesor-alan-kazdin-por-su-trayectoria-en-el-campo-de-la-psicologia-clinica-infantil\/","title":{"rendered":"<span lang=\"es\">(Espa\u00f1ol) La UMH concede el Premio Aitana 2017 al profesor Alan Kazdin por su trayectoria en el campo de la psicolog\u00eda cl\u00ednica infantil<\/span>"},"content":{"rendered":"<p class=\"qtranxs-available-languages-message qtranxs-available-languages-message-ca\">Ho sent, per\u00f2 aquesta entrada nom\u00e9s est\u00e0 disponible en <a href=\"https:\/\/comunicacion.umh.es\/es\/wp-json\/wp\/v2\/posts\/95284\" class=\"qtranxs-available-language-link qtranxs-available-language-link-es\" title=\"Espa\u00f1ol\">Espanyol Europeu<\/a>.<\/p>","protected":false},"excerpt":{"rendered":"<p>Ho sent, per\u00f2 aquesta entrada nom\u00e9s est\u00e0 disponible en Espanyol Europeu.<\/p>\n","protected":false},"author":3749,"featured_media":0,"comment_status":"closed","ping_status":"open","sticky":false,"template":"","format":"standard","meta":{"ngg_post_thumbnail":0,"_links_to":"","_links_to_target":""},"categories":[770,2791,69,2782,43,2145],"tags":[],"_links":{"self":[{"href":"https:\/\/comunicacion.umh.es\/ca\/wp-json\/wp\/v2\/posts\/95284"}],"collection":[{"href":"https:\/\/comunicacion.umh.es\/ca\/wp-json\/wp\/v2\/posts"}],"about":[{"href":"https:\/\/comunicacion.umh.es\/ca\/wp-json\/wp\/v2\/types\/post"}],"author":[{"embeddable":true,"href":"https:\/\/comunicacion.umh.es\/ca\/wp-json\/wp\/v2\/users\/3749"}],"replies":[{"embeddable":true,"href":"https:\/\/comunicacion.umh.es\/ca\/wp-json\/wp\/v2\/comments?post=95284"}],"version-history":[{"count":0,"href":"https:\/\/comunicacion.umh.es\/ca\/wp-json\/wp\/v2\/posts\/95284\/revisions"}],"wp:attachment":[{"href":"https:\/\/comunicacion.umh.es\/ca\/wp-json\/wp\/v2\/media?parent=95284"}],"wp:term":[{"taxonomy":"category","embeddable":true,"href":"https:\/\/comunicacion.umh.es\/ca\/wp-json\/wp\/v2\/categories?post=95284"},{"taxonomy":"post_tag","embeddable":true,"href":"https:\/\/comunicacion.umh.es\/ca\/wp-json\/wp\/v2\/tags?post=95284"}],"curies":[{"name":"wp","href":"https:\/\/api.w.org\/{rel}","templated":true}]}}