{"id":95439,"date":"2017-05-24T10:20:04","date_gmt":"2017-05-24T08:20:04","guid":{"rendered":"http:\/\/comunicacion.umh.es\/?p=95439"},"modified":"2017-05-24T12:09:34","modified_gmt":"2017-05-24T10:09:34","slug":"la-umh-organiza-la-conferencia-rebeldes-y-poetas-en-el-ivam-a-traves-de-la-catedra-de-estudios-artisticos-siglos-xxxxi","status":"publish","type":"post","link":"https:\/\/comunicacion.umh.es\/ca\/2017\/05\/24\/la-umh-organiza-la-conferencia-rebeldes-y-poetas-en-el-ivam-a-traves-de-la-catedra-de-estudios-artisticos-siglos-xxxxi\/","title":{"rendered":"<span lang=\"es\">(Espa\u00f1ol) La UMH organiza la conferencia \u201cRebeldes y poetas\u201d en el IVAM, a trav\u00e9s de la \u201cC\u00e1tedra de Estudios Art\u00edsticos. Siglos XX\/XXI\u201d<\/span>"},"content":{"rendered":"<p class=\"qtranxs-available-languages-message qtranxs-available-languages-message-ca\">Ho sent, per\u00f2 aquesta entrada nom\u00e9s est\u00e0 disponible en <a href=\"https:\/\/comunicacion.umh.es\/es\/wp-json\/wp\/v2\/posts\/95439\" class=\"qtranxs-available-language-link qtranxs-available-language-link-es\" title=\"Espa\u00f1ol\">Espanyol Europeu<\/a>.<\/p>","protected":false},"excerpt":{"rendered":"<p>Ho sent, per\u00f2 aquesta entrada nom\u00e9s est\u00e0 disponible en Espanyol Europeu.<\/p>\n","protected":false},"author":3749,"featured_media":0,"comment_status":"closed","ping_status":"open","sticky":false,"template":"","format":"standard","meta":{"ngg_post_thumbnail":0,"_links_to":"","_links_to_target":""},"categories":[770,69,2782,2790,43],"tags":[],"_links":{"self":[{"href":"https:\/\/comunicacion.umh.es\/ca\/wp-json\/wp\/v2\/posts\/95439"}],"collection":[{"href":"https:\/\/comunicacion.umh.es\/ca\/wp-json\/wp\/v2\/posts"}],"about":[{"href":"https:\/\/comunicacion.umh.es\/ca\/wp-json\/wp\/v2\/types\/post"}],"author":[{"embeddable":true,"href":"https:\/\/comunicacion.umh.es\/ca\/wp-json\/wp\/v2\/users\/3749"}],"replies":[{"embeddable":true,"href":"https:\/\/comunicacion.umh.es\/ca\/wp-json\/wp\/v2\/comments?post=95439"}],"version-history":[{"count":0,"href":"https:\/\/comunicacion.umh.es\/ca\/wp-json\/wp\/v2\/posts\/95439\/revisions"}],"wp:attachment":[{"href":"https:\/\/comunicacion.umh.es\/ca\/wp-json\/wp\/v2\/media?parent=95439"}],"wp:term":[{"taxonomy":"category","embeddable":true,"href":"https:\/\/comunicacion.umh.es\/ca\/wp-json\/wp\/v2\/categories?post=95439"},{"taxonomy":"post_tag","embeddable":true,"href":"https:\/\/comunicacion.umh.es\/ca\/wp-json\/wp\/v2\/tags?post=95439"}],"curies":[{"name":"wp","href":"https:\/\/api.w.org\/{rel}","templated":true}]}}