{"id":99332,"date":"2017-11-13T11:22:34","date_gmt":"2017-11-13T10:22:34","guid":{"rendered":"https:\/\/comunicacion.umh.es\/?p=99332"},"modified":"2017-11-13T11:22:34","modified_gmt":"2017-11-13T10:22:34","slug":"la-iniciativa-formativa-del-parque-cientifico-escola-de-frikis-se-implanta-en-17-centros-y-arranca-su-ii-edicion-con-cerca-de-500-ninos","status":"publish","type":"post","link":"https:\/\/comunicacion.umh.es\/ca\/2017\/11\/13\/la-iniciativa-formativa-del-parque-cientifico-escola-de-frikis-se-implanta-en-17-centros-y-arranca-su-ii-edicion-con-cerca-de-500-ninos\/","title":{"rendered":"<span lang=\"es\">(Espa\u00f1ol) La iniciativa formativa del Parque Cient\u00edfico Escola de Frikis se implanta en 17 centros y arranca su II edici\u00f3n con cerca de 500 ni\u00f1os<\/span>"},"content":{"rendered":"<p class=\"qtranxs-available-languages-message qtranxs-available-languages-message-ca\">Ho sent, per\u00f2 aquesta entrada nom\u00e9s est\u00e0 disponible en <a href=\"https:\/\/comunicacion.umh.es\/es\/wp-json\/wp\/v2\/posts\/99332\" class=\"qtranxs-available-language-link qtranxs-available-language-link-es\" title=\"Espa\u00f1ol\">Espanyol Europeu<\/a>.<\/p>","protected":false},"excerpt":{"rendered":"<p>Ho sent, per\u00f2 aquesta entrada nom\u00e9s est\u00e0 disponible en Espanyol Europeu.<\/p>\n","protected":false},"author":2671,"featured_media":0,"comment_status":"closed","ping_status":"open","sticky":false,"template":"","format":"standard","meta":{"ngg_post_thumbnail":0,"_links_to":"","_links_to_target":""},"categories":[770,69,2782,43,2796],"tags":[],"_links":{"self":[{"href":"https:\/\/comunicacion.umh.es\/ca\/wp-json\/wp\/v2\/posts\/99332"}],"collection":[{"href":"https:\/\/comunicacion.umh.es\/ca\/wp-json\/wp\/v2\/posts"}],"about":[{"href":"https:\/\/comunicacion.umh.es\/ca\/wp-json\/wp\/v2\/types\/post"}],"author":[{"embeddable":true,"href":"https:\/\/comunicacion.umh.es\/ca\/wp-json\/wp\/v2\/users\/2671"}],"replies":[{"embeddable":true,"href":"https:\/\/comunicacion.umh.es\/ca\/wp-json\/wp\/v2\/comments?post=99332"}],"version-history":[{"count":0,"href":"https:\/\/comunicacion.umh.es\/ca\/wp-json\/wp\/v2\/posts\/99332\/revisions"}],"wp:attachment":[{"href":"https:\/\/comunicacion.umh.es\/ca\/wp-json\/wp\/v2\/media?parent=99332"}],"wp:term":[{"taxonomy":"category","embeddable":true,"href":"https:\/\/comunicacion.umh.es\/ca\/wp-json\/wp\/v2\/categories?post=99332"},{"taxonomy":"post_tag","embeddable":true,"href":"https:\/\/comunicacion.umh.es\/ca\/wp-json\/wp\/v2\/tags?post=99332"}],"curies":[{"name":"wp","href":"https:\/\/api.w.org\/{rel}","templated":true}]}}