{"id":101987,"date":"2018-01-25T09:42:38","date_gmt":"2018-01-25T08:42:38","guid":{"rendered":"http:\/\/comunicacion.umh.es\/?p=101987"},"modified":"2018-01-25T12:04:39","modified_gmt":"2018-01-25T11:04:39","slug":"un-total-de-ocho-proyectos-emprendedores-llegan-a-la-final-de-la-ii-edicion-del-programa-aspe-emprende-del-parque-cientifico","status":"publish","type":"post","link":"https:\/\/comunicacion.umh.es\/en\/2018\/01\/25\/un-total-de-ocho-proyectos-emprendedores-llegan-a-la-final-de-la-ii-edicion-del-programa-aspe-emprende-del-parque-cientifico\/","title":{"rendered":"<span lang=\"es\">(Espa\u00f1ol) Un total de ocho proyectos emprendedores llegan a la final de la II edici\u00f3n del programa Aspe Emprende del Parque Cient\u00edfico<\/span>"},"content":{"rendered":"<p class=\"qtranxs-available-languages-message qtranxs-available-languages-message-en\">Sorry, this entry is only available in <a href=\"https:\/\/comunicacion.umh.es\/es\/wp-json\/wp\/v2\/posts\/101987\" class=\"qtranxs-available-language-link qtranxs-available-language-link-es\" title=\"Espa\u00f1ol\">European Spanish<\/a>.<\/p>","protected":false},"excerpt":{"rendered":"<p>Sorry, this entry is only available in European Spanish.<\/p>\n","protected":false},"author":2693,"featured_media":0,"comment_status":"closed","ping_status":"open","sticky":false,"template":"","format":"standard","meta":{"ngg_post_thumbnail":0,"_links_to":"","_links_to_target":""},"categories":[770,2791,69,2782,2790,43,2145],"tags":[],"_links":{"self":[{"href":"https:\/\/comunicacion.umh.es\/en\/wp-json\/wp\/v2\/posts\/101987"}],"collection":[{"href":"https:\/\/comunicacion.umh.es\/en\/wp-json\/wp\/v2\/posts"}],"about":[{"href":"https:\/\/comunicacion.umh.es\/en\/wp-json\/wp\/v2\/types\/post"}],"author":[{"embeddable":true,"href":"https:\/\/comunicacion.umh.es\/en\/wp-json\/wp\/v2\/users\/2693"}],"replies":[{"embeddable":true,"href":"https:\/\/comunicacion.umh.es\/en\/wp-json\/wp\/v2\/comments?post=101987"}],"version-history":[{"count":0,"href":"https:\/\/comunicacion.umh.es\/en\/wp-json\/wp\/v2\/posts\/101987\/revisions"}],"wp:attachment":[{"href":"https:\/\/comunicacion.umh.es\/en\/wp-json\/wp\/v2\/media?parent=101987"}],"wp:term":[{"taxonomy":"category","embeddable":true,"href":"https:\/\/comunicacion.umh.es\/en\/wp-json\/wp\/v2\/categories?post=101987"},{"taxonomy":"post_tag","embeddable":true,"href":"https:\/\/comunicacion.umh.es\/en\/wp-json\/wp\/v2\/tags?post=101987"}],"curies":[{"name":"wp","href":"https:\/\/api.w.org\/{rel}","templated":true}]}}