{"id":102581,"date":"2018-02-09T10:15:46","date_gmt":"2018-02-09T09:15:46","guid":{"rendered":"https:\/\/comunicacion.umh.es\/?p=102581"},"modified":"2018-02-09T11:23:37","modified_gmt":"2018-02-09T10:23:37","slug":"umh-tv-abre-el-informativo-con-una-investigacion-del-grupo-de-edafologia-ambiental-sobre-el-efecto-de-los-incendios-forestales","status":"publish","type":"post","link":"https:\/\/comunicacion.umh.es\/en\/2018\/02\/09\/umh-tv-abre-el-informativo-con-una-investigacion-del-grupo-de-edafologia-ambiental-sobre-el-efecto-de-los-incendios-forestales\/","title":{"rendered":"<span lang=\"es\">(Espa\u00f1ol) UMH TV abre el informativo con una investigaci\u00f3n del grupo de Edafolog\u00eda Ambiental sobre el efecto de los incendios forestales<\/span>"},"content":{"rendered":"<p class=\"qtranxs-available-languages-message qtranxs-available-languages-message-en\">Sorry, this entry is only available in <a href=\"https:\/\/comunicacion.umh.es\/es\/wp-json\/wp\/v2\/posts\/102581\" class=\"qtranxs-available-language-link qtranxs-available-language-link-es\" title=\"Espa\u00f1ol\">European Spanish<\/a>.<\/p>","protected":false},"excerpt":{"rendered":"<p>Sorry, this entry is only available in European Spanish.<\/p>\n","protected":false},"author":4103,"featured_media":0,"comment_status":"closed","ping_status":"open","sticky":false,"template":"","format":"standard","meta":{"ngg_post_thumbnail":0,"_links_to":"","_links_to_target":""},"categories":[770,570,87,2782,2783,191,2786,43,9670,1229,4427,9672],"tags":[],"_links":{"self":[{"href":"https:\/\/comunicacion.umh.es\/en\/wp-json\/wp\/v2\/posts\/102581"}],"collection":[{"href":"https:\/\/comunicacion.umh.es\/en\/wp-json\/wp\/v2\/posts"}],"about":[{"href":"https:\/\/comunicacion.umh.es\/en\/wp-json\/wp\/v2\/types\/post"}],"author":[{"embeddable":true,"href":"https:\/\/comunicacion.umh.es\/en\/wp-json\/wp\/v2\/users\/4103"}],"replies":[{"embeddable":true,"href":"https:\/\/comunicacion.umh.es\/en\/wp-json\/wp\/v2\/comments?post=102581"}],"version-history":[{"count":0,"href":"https:\/\/comunicacion.umh.es\/en\/wp-json\/wp\/v2\/posts\/102581\/revisions"}],"wp:attachment":[{"href":"https:\/\/comunicacion.umh.es\/en\/wp-json\/wp\/v2\/media?parent=102581"}],"wp:term":[{"taxonomy":"category","embeddable":true,"href":"https:\/\/comunicacion.umh.es\/en\/wp-json\/wp\/v2\/categories?post=102581"},{"taxonomy":"post_tag","embeddable":true,"href":"https:\/\/comunicacion.umh.es\/en\/wp-json\/wp\/v2\/tags?post=102581"}],"curies":[{"name":"wp","href":"https:\/\/api.w.org\/{rel}","templated":true}]}}