{"id":103748,"date":"2018-03-07T10:30:32","date_gmt":"2018-03-07T09:30:32","guid":{"rendered":"http:\/\/comunicacion.umh.es\/?p=103748"},"modified":"2018-03-07T13:35:55","modified_gmt":"2018-03-07T12:35:55","slug":"la-umh-y-la-fundacion-iberoamericana-de-las-industrias-culturales-y-creativas-colaboraran-en-actividades-educativas-y-culturales","status":"publish","type":"post","link":"https:\/\/comunicacion.umh.es\/en\/2018\/03\/07\/la-umh-y-la-fundacion-iberoamericana-de-las-industrias-culturales-y-creativas-colaboraran-en-actividades-educativas-y-culturales\/","title":{"rendered":"<span lang=\"es\">(Espa\u00f1ol) La UMH y la Fundaci\u00f3n Iberoamericana de las Industrias Culturales y Creativas colaborar\u00e1n en actividades educativas y culturales<\/span>"},"content":{"rendered":"<p class=\"qtranxs-available-languages-message qtranxs-available-languages-message-en\">Sorry, this entry is only available in <a href=\"https:\/\/comunicacion.umh.es\/es\/wp-json\/wp\/v2\/posts\/103748\" class=\"qtranxs-available-language-link qtranxs-available-language-link-es\" title=\"Espa\u00f1ol\">European Spanish<\/a>.<\/p>","protected":false},"excerpt":{"rendered":"<p>Sorry, this entry is only available in European Spanish.<\/p>\n","protected":false},"author":4103,"featured_media":0,"comment_status":"closed","ping_status":"open","sticky":false,"template":"","format":"standard","meta":{"ngg_post_thumbnail":0,"_links_to":"","_links_to_target":""},"categories":[770,570,69,2782,2783,43],"tags":[],"_links":{"self":[{"href":"https:\/\/comunicacion.umh.es\/en\/wp-json\/wp\/v2\/posts\/103748"}],"collection":[{"href":"https:\/\/comunicacion.umh.es\/en\/wp-json\/wp\/v2\/posts"}],"about":[{"href":"https:\/\/comunicacion.umh.es\/en\/wp-json\/wp\/v2\/types\/post"}],"author":[{"embeddable":true,"href":"https:\/\/comunicacion.umh.es\/en\/wp-json\/wp\/v2\/users\/4103"}],"replies":[{"embeddable":true,"href":"https:\/\/comunicacion.umh.es\/en\/wp-json\/wp\/v2\/comments?post=103748"}],"version-history":[{"count":0,"href":"https:\/\/comunicacion.umh.es\/en\/wp-json\/wp\/v2\/posts\/103748\/revisions"}],"wp:attachment":[{"href":"https:\/\/comunicacion.umh.es\/en\/wp-json\/wp\/v2\/media?parent=103748"}],"wp:term":[{"taxonomy":"category","embeddable":true,"href":"https:\/\/comunicacion.umh.es\/en\/wp-json\/wp\/v2\/categories?post=103748"},{"taxonomy":"post_tag","embeddable":true,"href":"https:\/\/comunicacion.umh.es\/en\/wp-json\/wp\/v2\/tags?post=103748"}],"curies":[{"name":"wp","href":"https:\/\/api.w.org\/{rel}","templated":true}]}}