{"id":106400,"date":"2018-05-09T10:15:37","date_gmt":"2018-05-09T08:15:37","guid":{"rendered":"https:\/\/comunicacion.umh.es\/?p=106400"},"modified":"2018-05-09T12:09:45","modified_gmt":"2018-05-09T10:09:45","slug":"estudiantes-visitan-la-subdelegacion-del-gobierno-en-alicante-dentro-de-las-actividades-de-la-semana-de-la-administracion-abierta","status":"publish","type":"post","link":"https:\/\/comunicacion.umh.es\/en\/2018\/05\/09\/estudiantes-visitan-la-subdelegacion-del-gobierno-en-alicante-dentro-de-las-actividades-de-la-semana-de-la-administracion-abierta\/","title":{"rendered":"<span lang=\"es\">(Espa\u00f1ol) Estudiantes visitan la Subdelegaci\u00f3n del Gobierno en Alicante dentro de las actividades de la Semana de la Administraci\u00f3n Abierta<\/span>"},"content":{"rendered":"<p class=\"qtranxs-available-languages-message qtranxs-available-languages-message-en\">Sorry, this entry is only available in <a href=\"https:\/\/comunicacion.umh.es\/es\/wp-json\/wp\/v2\/posts\/106400\" class=\"qtranxs-available-language-link qtranxs-available-language-link-es\" title=\"Espa\u00f1ol\">European Spanish<\/a>.<\/p>","protected":false},"excerpt":{"rendered":"<p>Sorry, this entry is only available in European Spanish.<\/p>\n","protected":false},"author":4103,"featured_media":0,"comment_status":"closed","ping_status":"open","sticky":false,"template":"","format":"standard","meta":{"ngg_post_thumbnail":0,"_links_to":"","_links_to_target":""},"categories":[2789,2782,43,2785],"tags":[],"_links":{"self":[{"href":"https:\/\/comunicacion.umh.es\/en\/wp-json\/wp\/v2\/posts\/106400"}],"collection":[{"href":"https:\/\/comunicacion.umh.es\/en\/wp-json\/wp\/v2\/posts"}],"about":[{"href":"https:\/\/comunicacion.umh.es\/en\/wp-json\/wp\/v2\/types\/post"}],"author":[{"embeddable":true,"href":"https:\/\/comunicacion.umh.es\/en\/wp-json\/wp\/v2\/users\/4103"}],"replies":[{"embeddable":true,"href":"https:\/\/comunicacion.umh.es\/en\/wp-json\/wp\/v2\/comments?post=106400"}],"version-history":[{"count":0,"href":"https:\/\/comunicacion.umh.es\/en\/wp-json\/wp\/v2\/posts\/106400\/revisions"}],"wp:attachment":[{"href":"https:\/\/comunicacion.umh.es\/en\/wp-json\/wp\/v2\/media?parent=106400"}],"wp:term":[{"taxonomy":"category","embeddable":true,"href":"https:\/\/comunicacion.umh.es\/en\/wp-json\/wp\/v2\/categories?post=106400"},{"taxonomy":"post_tag","embeddable":true,"href":"https:\/\/comunicacion.umh.es\/en\/wp-json\/wp\/v2\/tags?post=106400"}],"curies":[{"name":"wp","href":"https:\/\/api.w.org\/{rel}","templated":true}]}}