{"id":106742,"date":"2018-05-16T10:15:33","date_gmt":"2018-05-16T08:15:33","guid":{"rendered":"https:\/\/comunicacion.umh.es\/?p=106742"},"modified":"2018-05-16T11:56:28","modified_gmt":"2018-05-16T09:56:28","slug":"english-summer-valenciano-certificados-cambridge-espanol-italiano-y-capacitacion-entre-los-cursos-del-centro-de-idiomas-para-julio","status":"publish","type":"post","link":"https:\/\/comunicacion.umh.es\/en\/2018\/05\/16\/english-summer-valenciano-certificados-cambridge-espanol-italiano-y-capacitacion-entre-los-cursos-del-centro-de-idiomas-para-julio\/","title":{"rendered":"<span lang=\"es\">(Espa\u00f1ol) English Summer, valenciano, certificados Cambridge, espa\u00f1ol, italiano y Capacitaci\u00f3n entre los cursos del Centro de Idiomas para julio<\/span>"},"content":{"rendered":"<p class=\"qtranxs-available-languages-message qtranxs-available-languages-message-en\">Sorry, this entry is only available in <a href=\"https:\/\/comunicacion.umh.es\/es\/wp-json\/wp\/v2\/posts\/106742\" class=\"qtranxs-available-language-link qtranxs-available-language-link-es\" title=\"Espa\u00f1ol\">European Spanish<\/a>.<\/p>","protected":false},"excerpt":{"rendered":"<p>Sorry, this entry is only available in European Spanish.<\/p>\n","protected":false},"author":4103,"featured_media":0,"comment_status":"closed","ping_status":"open","sticky":false,"template":"","format":"standard","meta":{"ngg_post_thumbnail":0,"_links_to":"","_links_to_target":""},"categories":[770,69,2789,2782,43],"tags":[],"_links":{"self":[{"href":"https:\/\/comunicacion.umh.es\/en\/wp-json\/wp\/v2\/posts\/106742"}],"collection":[{"href":"https:\/\/comunicacion.umh.es\/en\/wp-json\/wp\/v2\/posts"}],"about":[{"href":"https:\/\/comunicacion.umh.es\/en\/wp-json\/wp\/v2\/types\/post"}],"author":[{"embeddable":true,"href":"https:\/\/comunicacion.umh.es\/en\/wp-json\/wp\/v2\/users\/4103"}],"replies":[{"embeddable":true,"href":"https:\/\/comunicacion.umh.es\/en\/wp-json\/wp\/v2\/comments?post=106742"}],"version-history":[{"count":0,"href":"https:\/\/comunicacion.umh.es\/en\/wp-json\/wp\/v2\/posts\/106742\/revisions"}],"wp:attachment":[{"href":"https:\/\/comunicacion.umh.es\/en\/wp-json\/wp\/v2\/media?parent=106742"}],"wp:term":[{"taxonomy":"category","embeddable":true,"href":"https:\/\/comunicacion.umh.es\/en\/wp-json\/wp\/v2\/categories?post=106742"},{"taxonomy":"post_tag","embeddable":true,"href":"https:\/\/comunicacion.umh.es\/en\/wp-json\/wp\/v2\/tags?post=106742"}],"curies":[{"name":"wp","href":"https:\/\/api.w.org\/{rel}","templated":true}]}}