{"id":107801,"date":"2018-06-14T10:30:37","date_gmt":"2018-06-14T08:30:37","guid":{"rendered":"https:\/\/comunicacion.umh.es\/?p=107801"},"modified":"2018-06-14T12:24:37","modified_gmt":"2018-06-14T10:24:37","slug":"estudiantes-de-comunicacion-audiovisual-y-de-periodismo-de-la-umh-presentan-sus-proyectos-en-la-convocatoria-de-talentos-de-a-punt","status":"publish","type":"post","link":"https:\/\/comunicacion.umh.es\/en\/2018\/06\/14\/estudiantes-de-comunicacion-audiovisual-y-de-periodismo-de-la-umh-presentan-sus-proyectos-en-la-convocatoria-de-talentos-de-a-punt\/","title":{"rendered":"<span lang=\"es\">(Espa\u00f1ol) Estudiantes de Comunicaci\u00f3n Audiovisual y de Periodismo presentan sus proyectos en la convocatoria de talentos de \u00c0 Punt<\/span>"},"content":{"rendered":"<p class=\"qtranxs-available-languages-message qtranxs-available-languages-message-en\">Sorry, this entry is only available in <a href=\"https:\/\/comunicacion.umh.es\/es\/wp-json\/wp\/v2\/posts\/107801\" class=\"qtranxs-available-language-link qtranxs-available-language-link-es\" title=\"Espa\u00f1ol\">European Spanish<\/a>.<\/p>","protected":false},"excerpt":{"rendered":"<p>Sorry, this entry is only available in European Spanish.<\/p>\n","protected":false},"author":4103,"featured_media":0,"comment_status":"closed","ping_status":"open","sticky":false,"template":"","format":"standard","meta":{"ngg_post_thumbnail":0,"_links_to":"","_links_to_target":""},"categories":[2789,2782,43,2796],"tags":[],"_links":{"self":[{"href":"https:\/\/comunicacion.umh.es\/en\/wp-json\/wp\/v2\/posts\/107801"}],"collection":[{"href":"https:\/\/comunicacion.umh.es\/en\/wp-json\/wp\/v2\/posts"}],"about":[{"href":"https:\/\/comunicacion.umh.es\/en\/wp-json\/wp\/v2\/types\/post"}],"author":[{"embeddable":true,"href":"https:\/\/comunicacion.umh.es\/en\/wp-json\/wp\/v2\/users\/4103"}],"replies":[{"embeddable":true,"href":"https:\/\/comunicacion.umh.es\/en\/wp-json\/wp\/v2\/comments?post=107801"}],"version-history":[{"count":0,"href":"https:\/\/comunicacion.umh.es\/en\/wp-json\/wp\/v2\/posts\/107801\/revisions"}],"wp:attachment":[{"href":"https:\/\/comunicacion.umh.es\/en\/wp-json\/wp\/v2\/media?parent=107801"}],"wp:term":[{"taxonomy":"category","embeddable":true,"href":"https:\/\/comunicacion.umh.es\/en\/wp-json\/wp\/v2\/categories?post=107801"},{"taxonomy":"post_tag","embeddable":true,"href":"https:\/\/comunicacion.umh.es\/en\/wp-json\/wp\/v2\/tags?post=107801"}],"curies":[{"name":"wp","href":"https:\/\/api.w.org\/{rel}","templated":true}]}}