{"id":117200,"date":"2018-11-08T09:30:25","date_gmt":"2018-11-08T08:30:25","guid":{"rendered":"http:\/\/comunicacion.umh.es\/?p=117200"},"modified":"2018-11-08T10:52:42","modified_gmt":"2018-11-08T09:52:42","slug":"el-alpinista-ferran-latorre-impartira-una-de-las-ponencias-del-ii-simposio-sobre-deportes-de-larga-duracion","status":"publish","type":"post","link":"https:\/\/comunicacion.umh.es\/en\/2018\/11\/08\/el-alpinista-ferran-latorre-impartira-una-de-las-ponencias-del-ii-simposio-sobre-deportes-de-larga-duracion\/","title":{"rendered":"<span lang=\"es\">(Espa\u00f1ol) El alpinista Ferran Latorre impartir\u00e1 una de las ponencias del II Simposio sobre deportes de larga duraci\u00f3n<\/span>"},"content":{"rendered":"<p class=\"qtranxs-available-languages-message qtranxs-available-languages-message-en\">Sorry, this entry is only available in <a href=\"https:\/\/comunicacion.umh.es\/es\/wp-json\/wp\/v2\/posts\/117200\" class=\"qtranxs-available-language-link qtranxs-available-language-link-es\" title=\"Espa\u00f1ol\">European Spanish<\/a>.<\/p>","protected":false},"excerpt":{"rendered":"<p>Sorry, this entry is only available in European Spanish.<\/p>\n","protected":false},"author":4352,"featured_media":0,"comment_status":"closed","ping_status":"open","sticky":false,"template":"","format":"standard","meta":{"ngg_post_thumbnail":0,"_links_to":"","_links_to_target":""},"categories":[770,87,461,69,2789,2782,2790,43,2796,2420],"tags":[],"_links":{"self":[{"href":"https:\/\/comunicacion.umh.es\/en\/wp-json\/wp\/v2\/posts\/117200"}],"collection":[{"href":"https:\/\/comunicacion.umh.es\/en\/wp-json\/wp\/v2\/posts"}],"about":[{"href":"https:\/\/comunicacion.umh.es\/en\/wp-json\/wp\/v2\/types\/post"}],"author":[{"embeddable":true,"href":"https:\/\/comunicacion.umh.es\/en\/wp-json\/wp\/v2\/users\/4352"}],"replies":[{"embeddable":true,"href":"https:\/\/comunicacion.umh.es\/en\/wp-json\/wp\/v2\/comments?post=117200"}],"version-history":[{"count":0,"href":"https:\/\/comunicacion.umh.es\/en\/wp-json\/wp\/v2\/posts\/117200\/revisions"}],"wp:attachment":[{"href":"https:\/\/comunicacion.umh.es\/en\/wp-json\/wp\/v2\/media?parent=117200"}],"wp:term":[{"taxonomy":"category","embeddable":true,"href":"https:\/\/comunicacion.umh.es\/en\/wp-json\/wp\/v2\/categories?post=117200"},{"taxonomy":"post_tag","embeddable":true,"href":"https:\/\/comunicacion.umh.es\/en\/wp-json\/wp\/v2\/tags?post=117200"}],"curies":[{"name":"wp","href":"https:\/\/api.w.org\/{rel}","templated":true}]}}