{"id":117893,"date":"2018-11-20T08:45:40","date_gmt":"2018-11-20T07:45:40","guid":{"rendered":"http:\/\/comunicacion.umh.es\/?p=117893"},"modified":"2018-11-20T10:32:35","modified_gmt":"2018-11-20T09:32:35","slug":"un-estudio-muestra-la-brecha-existente-entre-el-desarrollo-de-nuevos-biomarcadores-diagnosticos-y-su-aplicacion-a-la-practica-clinica","status":"publish","type":"post","link":"https:\/\/comunicacion.umh.es\/en\/2018\/11\/20\/un-estudio-muestra-la-brecha-existente-entre-el-desarrollo-de-nuevos-biomarcadores-diagnosticos-y-su-aplicacion-a-la-practica-clinica\/","title":{"rendered":"<span lang=\"es\">(Espa\u00f1ol) Un estudio muestra la brecha existente entre el desarrollo de nuevos biomarcadores diagn\u00f3sticos y su aplicaci\u00f3n a la pr\u00e1ctica cl\u00ednica<\/span>"},"content":{"rendered":"<p class=\"qtranxs-available-languages-message qtranxs-available-languages-message-en\">Sorry, this entry is only available in <a href=\"https:\/\/comunicacion.umh.es\/es\/wp-json\/wp\/v2\/posts\/117893\" class=\"qtranxs-available-language-link qtranxs-available-language-link-es\" title=\"Espa\u00f1ol\">European Spanish<\/a>.<\/p>","protected":false},"excerpt":{"rendered":"<p>Sorry, this entry is only available in European Spanish.<\/p>\n","protected":false},"author":4355,"featured_media":0,"comment_status":"closed","ping_status":"open","sticky":false,"template":"","format":"standard","meta":{"ngg_post_thumbnail":0,"_links_to":"","_links_to_target":""},"categories":[770,69,2782,191,43,2796,2420],"tags":[],"_links":{"self":[{"href":"https:\/\/comunicacion.umh.es\/en\/wp-json\/wp\/v2\/posts\/117893"}],"collection":[{"href":"https:\/\/comunicacion.umh.es\/en\/wp-json\/wp\/v2\/posts"}],"about":[{"href":"https:\/\/comunicacion.umh.es\/en\/wp-json\/wp\/v2\/types\/post"}],"author":[{"embeddable":true,"href":"https:\/\/comunicacion.umh.es\/en\/wp-json\/wp\/v2\/users\/4355"}],"replies":[{"embeddable":true,"href":"https:\/\/comunicacion.umh.es\/en\/wp-json\/wp\/v2\/comments?post=117893"}],"version-history":[{"count":0,"href":"https:\/\/comunicacion.umh.es\/en\/wp-json\/wp\/v2\/posts\/117893\/revisions"}],"wp:attachment":[{"href":"https:\/\/comunicacion.umh.es\/en\/wp-json\/wp\/v2\/media?parent=117893"}],"wp:term":[{"taxonomy":"category","embeddable":true,"href":"https:\/\/comunicacion.umh.es\/en\/wp-json\/wp\/v2\/categories?post=117893"},{"taxonomy":"post_tag","embeddable":true,"href":"https:\/\/comunicacion.umh.es\/en\/wp-json\/wp\/v2\/tags?post=117893"}],"curies":[{"name":"wp","href":"https:\/\/api.w.org\/{rel}","templated":true}]}}