{"id":118358,"date":"2018-11-29T08:30:49","date_gmt":"2018-11-29T07:30:49","guid":{"rendered":"https:\/\/comunicacion.umh.es\/?p=118358"},"modified":"2018-11-29T11:35:17","modified_gmt":"2018-11-29T10:35:17","slug":"conferencia-medicina-regenerativa-personalizada-impresion-3d-y-bioimpresion-en-la-reparacion-del-tejido-oseo","status":"publish","type":"post","link":"https:\/\/comunicacion.umh.es\/en\/2018\/11\/29\/conferencia-medicina-regenerativa-personalizada-impresion-3d-y-bioimpresion-en-la-reparacion-del-tejido-oseo\/","title":{"rendered":"<span lang=\"es\">(Espa\u00f1ol) Conferencia: \u201cMedicina Regenerativa Personalizada: impresi\u00f3n 3D y bioimpresi\u00f3n en la reparaci\u00f3n del tejido \u00f3seo\u201d<\/span>"},"content":{"rendered":"<p class=\"qtranxs-available-languages-message qtranxs-available-languages-message-en\">Sorry, this entry is only available in <a href=\"https:\/\/comunicacion.umh.es\/es\/wp-json\/wp\/v2\/posts\/118358\" class=\"qtranxs-available-language-link qtranxs-available-language-link-es\" title=\"Espa\u00f1ol\">European Spanish<\/a>.<\/p>","protected":false},"excerpt":{"rendered":"<p>Sorry, this entry is only available in European Spanish.<\/p>\n","protected":false},"author":4352,"featured_media":0,"comment_status":"closed","ping_status":"open","sticky":false,"template":"","format":"standard","meta":{"ngg_post_thumbnail":0,"_links_to":"","_links_to_target":""},"categories":[770,69,2782,191,2790,43,2796,2787],"tags":[],"_links":{"self":[{"href":"https:\/\/comunicacion.umh.es\/en\/wp-json\/wp\/v2\/posts\/118358"}],"collection":[{"href":"https:\/\/comunicacion.umh.es\/en\/wp-json\/wp\/v2\/posts"}],"about":[{"href":"https:\/\/comunicacion.umh.es\/en\/wp-json\/wp\/v2\/types\/post"}],"author":[{"embeddable":true,"href":"https:\/\/comunicacion.umh.es\/en\/wp-json\/wp\/v2\/users\/4352"}],"replies":[{"embeddable":true,"href":"https:\/\/comunicacion.umh.es\/en\/wp-json\/wp\/v2\/comments?post=118358"}],"version-history":[{"count":0,"href":"https:\/\/comunicacion.umh.es\/en\/wp-json\/wp\/v2\/posts\/118358\/revisions"}],"wp:attachment":[{"href":"https:\/\/comunicacion.umh.es\/en\/wp-json\/wp\/v2\/media?parent=118358"}],"wp:term":[{"taxonomy":"category","embeddable":true,"href":"https:\/\/comunicacion.umh.es\/en\/wp-json\/wp\/v2\/categories?post=118358"},{"taxonomy":"post_tag","embeddable":true,"href":"https:\/\/comunicacion.umh.es\/en\/wp-json\/wp\/v2\/tags?post=118358"}],"curies":[{"name":"wp","href":"https:\/\/api.w.org\/{rel}","templated":true}]}}