{"id":119363,"date":"2019-01-07T08:05:45","date_gmt":"2019-01-07T07:05:45","guid":{"rendered":"http:\/\/comunicacion.umh.es\/?p=119363"},"modified":"2019-01-07T09:39:09","modified_gmt":"2019-01-07T08:39:09","slug":"crue-universidades-espanolas-lamenta-que-el-gobierno-legisle-en-el-rdl-28-2018-sobre-las-practicas-academicas-externas-sin-hablar-con-las-universidades-y-reclama-dialogo-urgente-para-abordar-conjuntam","status":"publish","type":"post","link":"https:\/\/comunicacion.umh.es\/en\/2019\/01\/07\/crue-universidades-espanolas-lamenta-que-el-gobierno-legisle-en-el-rdl-28-2018-sobre-las-practicas-academicas-externas-sin-hablar-con-las-universidades-y-reclama-dialogo-urgente-para-abordar-conjuntam\/","title":{"rendered":"<span lang=\"es\">(Espa\u00f1ol) Crue Universidades Espa\u00f1olas lamenta que el Gobierno legisle en el RDL 28\/2018 sobre las pr\u00e1cticas acad\u00e9micas externas sin hablar con las universidades y reclama di\u00e1logo urgente para abordar conjuntamente esta cuesti\u00f3n<\/span>"},"content":{"rendered":"<p class=\"qtranxs-available-languages-message qtranxs-available-languages-message-en\">Sorry, this entry is only available in <a href=\"https:\/\/comunicacion.umh.es\/es\/wp-json\/wp\/v2\/posts\/119363\" class=\"qtranxs-available-language-link qtranxs-available-language-link-es\" title=\"Espa\u00f1ol\">European Spanish<\/a>.<\/p>","protected":false},"excerpt":{"rendered":"<p>Sorry, this entry is only available in European Spanish.<\/p>\n","protected":false},"author":4355,"featured_media":0,"comment_status":"closed","ping_status":"open","sticky":false,"template":"","format":"standard","meta":{"ngg_post_thumbnail":0,"_links_to":"","_links_to_target":""},"categories":[3381],"tags":[],"_links":{"self":[{"href":"https:\/\/comunicacion.umh.es\/en\/wp-json\/wp\/v2\/posts\/119363"}],"collection":[{"href":"https:\/\/comunicacion.umh.es\/en\/wp-json\/wp\/v2\/posts"}],"about":[{"href":"https:\/\/comunicacion.umh.es\/en\/wp-json\/wp\/v2\/types\/post"}],"author":[{"embeddable":true,"href":"https:\/\/comunicacion.umh.es\/en\/wp-json\/wp\/v2\/users\/4355"}],"replies":[{"embeddable":true,"href":"https:\/\/comunicacion.umh.es\/en\/wp-json\/wp\/v2\/comments?post=119363"}],"version-history":[{"count":0,"href":"https:\/\/comunicacion.umh.es\/en\/wp-json\/wp\/v2\/posts\/119363\/revisions"}],"wp:attachment":[{"href":"https:\/\/comunicacion.umh.es\/en\/wp-json\/wp\/v2\/media?parent=119363"}],"wp:term":[{"taxonomy":"category","embeddable":true,"href":"https:\/\/comunicacion.umh.es\/en\/wp-json\/wp\/v2\/categories?post=119363"},{"taxonomy":"post_tag","embeddable":true,"href":"https:\/\/comunicacion.umh.es\/en\/wp-json\/wp\/v2\/tags?post=119363"}],"curies":[{"name":"wp","href":"https:\/\/api.w.org\/{rel}","templated":true}]}}