{"id":122696,"date":"2019-03-27T09:00:58","date_gmt":"2019-03-27T08:00:58","guid":{"rendered":"https:\/\/comunicacion.umh.es\/?p=122696"},"modified":"2019-03-27T13:02:22","modified_gmt":"2019-03-27T12:02:22","slug":"financiacion-de-cdti-para-el-sector-agro-y-el-desarrollo-de-id-en-la-universidad-y-en-la-empresa-en-una-jornada-del-parque-cientifico","status":"publish","type":"post","link":"https:\/\/comunicacion.umh.es\/en\/2019\/03\/27\/financiacion-de-cdti-para-el-sector-agro-y-el-desarrollo-de-id-en-la-universidad-y-en-la-empresa-en-una-jornada-del-parque-cientifico\/","title":{"rendered":"<span lang=\"es\">(Espa\u00f1ol) Financiaci\u00f3n de CDTI para el sector agro y el desarrollo de I+D en la universidad y en la empresa, en una jornada del Parque Cient\u00edfico<\/span>"},"content":{"rendered":"<p class=\"qtranxs-available-languages-message qtranxs-available-languages-message-en\">Sorry, this entry is only available in <a href=\"https:\/\/comunicacion.umh.es\/es\/wp-json\/wp\/v2\/posts\/122696\" class=\"qtranxs-available-language-link qtranxs-available-language-link-es\" title=\"Espa\u00f1ol\">European Spanish<\/a>.<\/p>","protected":false},"excerpt":{"rendered":"<p>Sorry, this entry is only available in European Spanish.<\/p>\n","protected":false},"author":4352,"featured_media":0,"comment_status":"closed","ping_status":"open","sticky":false,"template":"","format":"standard","meta":{"ngg_post_thumbnail":0,"_links_to":"","_links_to_target":""},"categories":[770,69,2782,2790,43,2796,2420],"tags":[],"_links":{"self":[{"href":"https:\/\/comunicacion.umh.es\/en\/wp-json\/wp\/v2\/posts\/122696"}],"collection":[{"href":"https:\/\/comunicacion.umh.es\/en\/wp-json\/wp\/v2\/posts"}],"about":[{"href":"https:\/\/comunicacion.umh.es\/en\/wp-json\/wp\/v2\/types\/post"}],"author":[{"embeddable":true,"href":"https:\/\/comunicacion.umh.es\/en\/wp-json\/wp\/v2\/users\/4352"}],"replies":[{"embeddable":true,"href":"https:\/\/comunicacion.umh.es\/en\/wp-json\/wp\/v2\/comments?post=122696"}],"version-history":[{"count":0,"href":"https:\/\/comunicacion.umh.es\/en\/wp-json\/wp\/v2\/posts\/122696\/revisions"}],"wp:attachment":[{"href":"https:\/\/comunicacion.umh.es\/en\/wp-json\/wp\/v2\/media?parent=122696"}],"wp:term":[{"taxonomy":"category","embeddable":true,"href":"https:\/\/comunicacion.umh.es\/en\/wp-json\/wp\/v2\/categories?post=122696"},{"taxonomy":"post_tag","embeddable":true,"href":"https:\/\/comunicacion.umh.es\/en\/wp-json\/wp\/v2\/tags?post=122696"}],"curies":[{"name":"wp","href":"https:\/\/api.w.org\/{rel}","templated":true}]}}