{"id":125357,"date":"2019-05-30T09:00:06","date_gmt":"2019-05-30T07:00:06","guid":{"rendered":"http:\/\/comunicacion.umh.es\/?p=125357"},"modified":"2019-05-30T13:16:37","modified_gmt":"2019-05-30T11:16:37","slug":"conferencia-exposicion-cronica-a-contaminantes-quimicos-y-enfermedades-asociadas-a-la-obesidad","status":"publish","type":"post","link":"https:\/\/comunicacion.umh.es\/en\/2019\/05\/30\/conferencia-exposicion-cronica-a-contaminantes-quimicos-y-enfermedades-asociadas-a-la-obesidad\/","title":{"rendered":"<span lang=\"es\">(Espa\u00f1ol) Conferencia: \u201cExposici\u00f3n cr\u00f3nica a contaminantes qu\u00edmicos y enfermedades asociadas a la obesidad\u201d<\/span>"},"content":{"rendered":"<p class=\"qtranxs-available-languages-message qtranxs-available-languages-message-en\">Sorry, this entry is only available in <a href=\"https:\/\/comunicacion.umh.es\/es\/wp-json\/wp\/v2\/posts\/125357\" class=\"qtranxs-available-language-link qtranxs-available-language-link-es\" title=\"Espa\u00f1ol\">European Spanish<\/a>.<\/p>","protected":false},"excerpt":{"rendered":"<p>Sorry, this entry is only available in European Spanish.<\/p>\n","protected":false},"author":4355,"featured_media":0,"comment_status":"closed","ping_status":"open","sticky":false,"template":"","format":"standard","meta":{"ngg_post_thumbnail":0,"_links_to":"","_links_to_target":""},"categories":[770,69,2782,191,2790,43,2796,2420],"tags":[],"_links":{"self":[{"href":"https:\/\/comunicacion.umh.es\/en\/wp-json\/wp\/v2\/posts\/125357"}],"collection":[{"href":"https:\/\/comunicacion.umh.es\/en\/wp-json\/wp\/v2\/posts"}],"about":[{"href":"https:\/\/comunicacion.umh.es\/en\/wp-json\/wp\/v2\/types\/post"}],"author":[{"embeddable":true,"href":"https:\/\/comunicacion.umh.es\/en\/wp-json\/wp\/v2\/users\/4355"}],"replies":[{"embeddable":true,"href":"https:\/\/comunicacion.umh.es\/en\/wp-json\/wp\/v2\/comments?post=125357"}],"version-history":[{"count":0,"href":"https:\/\/comunicacion.umh.es\/en\/wp-json\/wp\/v2\/posts\/125357\/revisions"}],"wp:attachment":[{"href":"https:\/\/comunicacion.umh.es\/en\/wp-json\/wp\/v2\/media?parent=125357"}],"wp:term":[{"taxonomy":"category","embeddable":true,"href":"https:\/\/comunicacion.umh.es\/en\/wp-json\/wp\/v2\/categories?post=125357"},{"taxonomy":"post_tag","embeddable":true,"href":"https:\/\/comunicacion.umh.es\/en\/wp-json\/wp\/v2\/tags?post=125357"}],"curies":[{"name":"wp","href":"https:\/\/api.w.org\/{rel}","templated":true}]}}