{"id":128567,"date":"2019-09-23T11:00:47","date_gmt":"2019-09-23T09:00:47","guid":{"rendered":"https:\/\/comunicacion.umh.es\/?p=128567"},"modified":"2019-09-23T13:41:48","modified_gmt":"2019-09-23T11:41:48","slug":"la-umh-y-la-universidad-autonoma-de-chiapas-renuevan-el-convenio-y-estrechan-lazos-para-lograr-postgrados-de-doble-titulacion","status":"publish","type":"post","link":"https:\/\/comunicacion.umh.es\/en\/2019\/09\/23\/la-umh-y-la-universidad-autonoma-de-chiapas-renuevan-el-convenio-y-estrechan-lazos-para-lograr-postgrados-de-doble-titulacion\/","title":{"rendered":"<span lang=\"es\">(Espa\u00f1ol) La UMH y la Universidad Aut\u00f3noma de Chiapas renuevan el convenio y estrechan lazos para lograr postgrados de doble titulaci\u00f3n<\/span>"},"content":{"rendered":"<p class=\"qtranxs-available-languages-message qtranxs-available-languages-message-en\">Sorry, this entry is only available in <a href=\"https:\/\/comunicacion.umh.es\/es\/wp-json\/wp\/v2\/posts\/128567\" class=\"qtranxs-available-language-link qtranxs-available-language-link-es\" title=\"Espa\u00f1ol\">European Spanish<\/a>.<\/p>","protected":false},"excerpt":{"rendered":"<p>Sorry, this entry is only available in European Spanish.<\/p>\n","protected":false},"author":4856,"featured_media":0,"comment_status":"closed","ping_status":"open","sticky":false,"template":"","format":"standard","meta":{"ngg_post_thumbnail":0,"_links_to":"","_links_to_target":""},"categories":[770,570,69,2789,2782,2783,43,2796],"tags":[],"_links":{"self":[{"href":"https:\/\/comunicacion.umh.es\/en\/wp-json\/wp\/v2\/posts\/128567"}],"collection":[{"href":"https:\/\/comunicacion.umh.es\/en\/wp-json\/wp\/v2\/posts"}],"about":[{"href":"https:\/\/comunicacion.umh.es\/en\/wp-json\/wp\/v2\/types\/post"}],"author":[{"embeddable":true,"href":"https:\/\/comunicacion.umh.es\/en\/wp-json\/wp\/v2\/users\/4856"}],"replies":[{"embeddable":true,"href":"https:\/\/comunicacion.umh.es\/en\/wp-json\/wp\/v2\/comments?post=128567"}],"version-history":[{"count":0,"href":"https:\/\/comunicacion.umh.es\/en\/wp-json\/wp\/v2\/posts\/128567\/revisions"}],"wp:attachment":[{"href":"https:\/\/comunicacion.umh.es\/en\/wp-json\/wp\/v2\/media?parent=128567"}],"wp:term":[{"taxonomy":"category","embeddable":true,"href":"https:\/\/comunicacion.umh.es\/en\/wp-json\/wp\/v2\/categories?post=128567"},{"taxonomy":"post_tag","embeddable":true,"href":"https:\/\/comunicacion.umh.es\/en\/wp-json\/wp\/v2\/tags?post=128567"}],"curies":[{"name":"wp","href":"https:\/\/api.w.org\/{rel}","templated":true}]}}