{"id":128864,"date":"2019-10-02T11:30:24","date_gmt":"2019-10-02T09:30:24","guid":{"rendered":"http:\/\/comunicacion.umh.es\/?p=128864"},"modified":"2019-10-02T13:20:50","modified_gmt":"2019-10-02T11:20:50","slug":"mas-de-1-200-alumnos-de-primaria-y-secundaria-asistiran-a-las-jornadas-de-puertas-abiertas-de-los-campus-de-elche-y-sant-joan-dalancant","status":"publish","type":"post","link":"https:\/\/comunicacion.umh.es\/en\/2019\/10\/02\/mas-de-1-200-alumnos-de-primaria-y-secundaria-asistiran-a-las-jornadas-de-puertas-abiertas-de-los-campus-de-elche-y-sant-joan-dalancant\/","title":{"rendered":"<span lang=\"es\">(Espa\u00f1ol) M\u00e1s de 1.200 alumnos de Primaria y Secundaria asistir\u00e1n a las Jornadas de Puertas Abiertas de los campus de Elche y Sant Joan d&#8217;Alancant<\/span>"},"content":{"rendered":"<p class=\"qtranxs-available-languages-message qtranxs-available-languages-message-en\">Sorry, this entry is only available in <a href=\"https:\/\/comunicacion.umh.es\/es\/wp-json\/wp\/v2\/posts\/128864\" class=\"qtranxs-available-language-link qtranxs-available-language-link-es\" title=\"Espa\u00f1ol\">European Spanish<\/a>.<\/p>","protected":false},"excerpt":{"rendered":"<p>Sorry, this entry is only available in European Spanish.<\/p>\n","protected":false},"author":4868,"featured_media":0,"comment_status":"closed","ping_status":"open","sticky":false,"template":"","format":"standard","meta":{"ngg_post_thumbnail":0,"_links_to":"","_links_to_target":""},"categories":[770,69,2782,2790,43,2796],"tags":[],"_links":{"self":[{"href":"https:\/\/comunicacion.umh.es\/en\/wp-json\/wp\/v2\/posts\/128864"}],"collection":[{"href":"https:\/\/comunicacion.umh.es\/en\/wp-json\/wp\/v2\/posts"}],"about":[{"href":"https:\/\/comunicacion.umh.es\/en\/wp-json\/wp\/v2\/types\/post"}],"author":[{"embeddable":true,"href":"https:\/\/comunicacion.umh.es\/en\/wp-json\/wp\/v2\/users\/4868"}],"replies":[{"embeddable":true,"href":"https:\/\/comunicacion.umh.es\/en\/wp-json\/wp\/v2\/comments?post=128864"}],"version-history":[{"count":0,"href":"https:\/\/comunicacion.umh.es\/en\/wp-json\/wp\/v2\/posts\/128864\/revisions"}],"wp:attachment":[{"href":"https:\/\/comunicacion.umh.es\/en\/wp-json\/wp\/v2\/media?parent=128864"}],"wp:term":[{"taxonomy":"category","embeddable":true,"href":"https:\/\/comunicacion.umh.es\/en\/wp-json\/wp\/v2\/categories?post=128864"},{"taxonomy":"post_tag","embeddable":true,"href":"https:\/\/comunicacion.umh.es\/en\/wp-json\/wp\/v2\/tags?post=128864"}],"curies":[{"name":"wp","href":"https:\/\/api.w.org\/{rel}","templated":true}]}}