{"id":129419,"date":"2019-10-18T08:36:36","date_gmt":"2019-10-18T06:36:36","guid":{"rendered":"http:\/\/comunicacion.umh.es\/?p=129419"},"modified":"2019-10-18T12:27:38","modified_gmt":"2019-10-18T10:27:38","slug":"umh-television-abre-el-informativo-con-los-resultados-de-un-estudio-sobre-el-analisis-de-la-calidad-del-aire-en-elche","status":"publish","type":"post","link":"https:\/\/comunicacion.umh.es\/en\/2019\/10\/18\/umh-television-abre-el-informativo-con-los-resultados-de-un-estudio-sobre-el-analisis-de-la-calidad-del-aire-en-elche\/","title":{"rendered":"<span lang=\"es\">(Espa\u00f1ol) UMH Televisi\u00f3n abre el informativo con los resultados de un estudio sobre el an\u00e1lisis de la calidad del aire en Elche<\/span>"},"content":{"rendered":"<p class=\"qtranxs-available-languages-message qtranxs-available-languages-message-en\">Sorry, this entry is only available in <a href=\"https:\/\/comunicacion.umh.es\/es\/wp-json\/wp\/v2\/posts\/129419\" class=\"qtranxs-available-language-link qtranxs-available-language-link-es\" title=\"Espa\u00f1ol\">European Spanish<\/a>.<\/p>","protected":false},"excerpt":{"rendered":"<p>Sorry, this entry is only available in European Spanish.<\/p>\n","protected":false},"author":4868,"featured_media":0,"comment_status":"closed","ping_status":"open","sticky":false,"template":"","format":"standard","meta":{"ngg_post_thumbnail":0,"_links_to":"","_links_to_target":""},"categories":[770,87,69,2782,43,2796,1],"tags":[],"_links":{"self":[{"href":"https:\/\/comunicacion.umh.es\/en\/wp-json\/wp\/v2\/posts\/129419"}],"collection":[{"href":"https:\/\/comunicacion.umh.es\/en\/wp-json\/wp\/v2\/posts"}],"about":[{"href":"https:\/\/comunicacion.umh.es\/en\/wp-json\/wp\/v2\/types\/post"}],"author":[{"embeddable":true,"href":"https:\/\/comunicacion.umh.es\/en\/wp-json\/wp\/v2\/users\/4868"}],"replies":[{"embeddable":true,"href":"https:\/\/comunicacion.umh.es\/en\/wp-json\/wp\/v2\/comments?post=129419"}],"version-history":[{"count":0,"href":"https:\/\/comunicacion.umh.es\/en\/wp-json\/wp\/v2\/posts\/129419\/revisions"}],"wp:attachment":[{"href":"https:\/\/comunicacion.umh.es\/en\/wp-json\/wp\/v2\/media?parent=129419"}],"wp:term":[{"taxonomy":"category","embeddable":true,"href":"https:\/\/comunicacion.umh.es\/en\/wp-json\/wp\/v2\/categories?post=129419"},{"taxonomy":"post_tag","embeddable":true,"href":"https:\/\/comunicacion.umh.es\/en\/wp-json\/wp\/v2\/tags?post=129419"}],"curies":[{"name":"wp","href":"https:\/\/api.w.org\/{rel}","templated":true}]}}