{"id":130491,"date":"2019-11-15T09:30:53","date_gmt":"2019-11-15T08:30:53","guid":{"rendered":"https:\/\/comunicacion.umh.es\/?p=130491"},"modified":"2019-11-15T12:49:54","modified_gmt":"2019-11-15T11:49:54","slug":"arranca-la-campana-de-navidad-con-una-recogida-de-articulos-de-limpieza-de-higiene-personal-y-de-alimentos-no-perecederos","status":"publish","type":"post","link":"https:\/\/comunicacion.umh.es\/en\/2019\/11\/15\/arranca-la-campana-de-navidad-con-una-recogida-de-articulos-de-limpieza-de-higiene-personal-y-de-alimentos-no-perecederos\/","title":{"rendered":"<span lang=\"es\">(Espa\u00f1ol) Arranca la campa\u00f1a de Navidad con una recogida de art\u00edculos de limpieza, de higiene personal y de alimentos no perecederos<\/span>"},"content":{"rendered":"<p class=\"qtranxs-available-languages-message qtranxs-available-languages-message-en\">Sorry, this entry is only available in <a href=\"https:\/\/comunicacion.umh.es\/es\/wp-json\/wp\/v2\/posts\/130491\" class=\"qtranxs-available-language-link qtranxs-available-language-link-es\" title=\"Espa\u00f1ol\">European Spanish<\/a>.<\/p>","protected":false},"excerpt":{"rendered":"<p>Sorry, this entry is only available in European Spanish.<\/p>\n","protected":false},"author":4856,"featured_media":0,"comment_status":"closed","ping_status":"open","sticky":false,"template":"","format":"standard","meta":{"ngg_post_thumbnail":0,"_links_to":"","_links_to_target":""},"categories":[794,770,69,2782,2783,43,394,2796,2918],"tags":[],"_links":{"self":[{"href":"https:\/\/comunicacion.umh.es\/en\/wp-json\/wp\/v2\/posts\/130491"}],"collection":[{"href":"https:\/\/comunicacion.umh.es\/en\/wp-json\/wp\/v2\/posts"}],"about":[{"href":"https:\/\/comunicacion.umh.es\/en\/wp-json\/wp\/v2\/types\/post"}],"author":[{"embeddable":true,"href":"https:\/\/comunicacion.umh.es\/en\/wp-json\/wp\/v2\/users\/4856"}],"replies":[{"embeddable":true,"href":"https:\/\/comunicacion.umh.es\/en\/wp-json\/wp\/v2\/comments?post=130491"}],"version-history":[{"count":0,"href":"https:\/\/comunicacion.umh.es\/en\/wp-json\/wp\/v2\/posts\/130491\/revisions"}],"wp:attachment":[{"href":"https:\/\/comunicacion.umh.es\/en\/wp-json\/wp\/v2\/media?parent=130491"}],"wp:term":[{"taxonomy":"category","embeddable":true,"href":"https:\/\/comunicacion.umh.es\/en\/wp-json\/wp\/v2\/categories?post=130491"},{"taxonomy":"post_tag","embeddable":true,"href":"https:\/\/comunicacion.umh.es\/en\/wp-json\/wp\/v2\/tags?post=130491"}],"curies":[{"name":"wp","href":"https:\/\/api.w.org\/{rel}","templated":true}]}}