{"id":130866,"date":"2019-11-26T08:30:14","date_gmt":"2019-11-26T07:30:14","guid":{"rendered":"https:\/\/comunicacion.umh.es\/?p=130866"},"modified":"2019-11-26T13:00:06","modified_gmt":"2019-11-26T12:00:06","slug":"los-profesores-de-la-umh-mercedes-guilabert-y-jose-joaquin-mira-premio-mejores-ideas-2019-de-diario-medico","status":"publish","type":"post","link":"https:\/\/comunicacion.umh.es\/en\/2019\/11\/26\/los-profesores-de-la-umh-mercedes-guilabert-y-jose-joaquin-mira-premio-mejores-ideas-2019-de-diario-medico\/","title":{"rendered":"<span lang=\"es\">(Espa\u00f1ol) Los profesores Mercedes Guilabert y Jos\u00e9 Joaqu\u00edn Mira, Premio Mejores Ideas 2019 de Diario M\u00e9dico<\/span>"},"content":{"rendered":"<p class=\"qtranxs-available-languages-message qtranxs-available-languages-message-en\">Sorry, this entry is only available in <a href=\"https:\/\/comunicacion.umh.es\/es\/wp-json\/wp\/v2\/posts\/130866\" class=\"qtranxs-available-language-link qtranxs-available-language-link-es\" title=\"Espa\u00f1ol\">European Spanish<\/a>.<\/p>","protected":false},"excerpt":{"rendered":"<p>Sorry, this entry is only available in European Spanish.<\/p>\n","protected":false},"author":4856,"featured_media":0,"comment_status":"closed","ping_status":"open","sticky":false,"template":"","format":"standard","meta":{"ngg_post_thumbnail":0,"_links_to":"","_links_to_target":""},"categories":[770,69,2782,43,2145],"tags":[],"_links":{"self":[{"href":"https:\/\/comunicacion.umh.es\/en\/wp-json\/wp\/v2\/posts\/130866"}],"collection":[{"href":"https:\/\/comunicacion.umh.es\/en\/wp-json\/wp\/v2\/posts"}],"about":[{"href":"https:\/\/comunicacion.umh.es\/en\/wp-json\/wp\/v2\/types\/post"}],"author":[{"embeddable":true,"href":"https:\/\/comunicacion.umh.es\/en\/wp-json\/wp\/v2\/users\/4856"}],"replies":[{"embeddable":true,"href":"https:\/\/comunicacion.umh.es\/en\/wp-json\/wp\/v2\/comments?post=130866"}],"version-history":[{"count":0,"href":"https:\/\/comunicacion.umh.es\/en\/wp-json\/wp\/v2\/posts\/130866\/revisions"}],"wp:attachment":[{"href":"https:\/\/comunicacion.umh.es\/en\/wp-json\/wp\/v2\/media?parent=130866"}],"wp:term":[{"taxonomy":"category","embeddable":true,"href":"https:\/\/comunicacion.umh.es\/en\/wp-json\/wp\/v2\/categories?post=130866"},{"taxonomy":"post_tag","embeddable":true,"href":"https:\/\/comunicacion.umh.es\/en\/wp-json\/wp\/v2\/tags?post=130866"}],"curies":[{"name":"wp","href":"https:\/\/api.w.org\/{rel}","templated":true}]}}