{"id":134243,"date":"2020-04-02T11:11:40","date_gmt":"2020-04-02T09:11:40","guid":{"rendered":"https:\/\/comunicacion.umh.es\/?p=134243"},"modified":"2020-04-02T13:08:17","modified_gmt":"2020-04-02T11:08:17","slug":"el-instituto-lopez-pinero-umh-colabora-en-la-publicacion-del-blog-epidemias-y-salud-global-reflexiones-desde-la-historia","status":"publish","type":"post","link":"https:\/\/comunicacion.umh.es\/en\/2020\/04\/02\/el-instituto-lopez-pinero-umh-colabora-en-la-publicacion-del-blog-epidemias-y-salud-global-reflexiones-desde-la-historia\/","title":{"rendered":"<span lang=\"es\">(Espa\u00f1ol) El Instituto L\u00f3pez Pi\u00f1ero-UMH colabora en la publicaci\u00f3n del blog \u201cEpidemias y Salud Global. Reflexiones desde la historia\u201d<\/span>"},"content":{"rendered":"<p class=\"qtranxs-available-languages-message qtranxs-available-languages-message-en\">Sorry, this entry is only available in <a href=\"https:\/\/comunicacion.umh.es\/es\/wp-json\/wp\/v2\/posts\/134243\" class=\"qtranxs-available-language-link qtranxs-available-language-link-es\" title=\"Espa\u00f1ol\">European Spanish<\/a>.<\/p>","protected":false},"excerpt":{"rendered":"<p>Sorry, this entry is only available in European Spanish.<\/p>\n","protected":false},"author":4856,"featured_media":0,"comment_status":"closed","ping_status":"open","sticky":false,"template":"","format":"standard","meta":{"ngg_post_thumbnail":0,"_links_to":"","_links_to_target":""},"categories":[770,69,191,43,2796],"tags":[],"_links":{"self":[{"href":"https:\/\/comunicacion.umh.es\/en\/wp-json\/wp\/v2\/posts\/134243"}],"collection":[{"href":"https:\/\/comunicacion.umh.es\/en\/wp-json\/wp\/v2\/posts"}],"about":[{"href":"https:\/\/comunicacion.umh.es\/en\/wp-json\/wp\/v2\/types\/post"}],"author":[{"embeddable":true,"href":"https:\/\/comunicacion.umh.es\/en\/wp-json\/wp\/v2\/users\/4856"}],"replies":[{"embeddable":true,"href":"https:\/\/comunicacion.umh.es\/en\/wp-json\/wp\/v2\/comments?post=134243"}],"version-history":[{"count":0,"href":"https:\/\/comunicacion.umh.es\/en\/wp-json\/wp\/v2\/posts\/134243\/revisions"}],"wp:attachment":[{"href":"https:\/\/comunicacion.umh.es\/en\/wp-json\/wp\/v2\/media?parent=134243"}],"wp:term":[{"taxonomy":"category","embeddable":true,"href":"https:\/\/comunicacion.umh.es\/en\/wp-json\/wp\/v2\/categories?post=134243"},{"taxonomy":"post_tag","embeddable":true,"href":"https:\/\/comunicacion.umh.es\/en\/wp-json\/wp\/v2\/tags?post=134243"}],"curies":[{"name":"wp","href":"https:\/\/api.w.org\/{rel}","templated":true}]}}