{"id":134249,"date":"2020-04-02T11:20:15","date_gmt":"2020-04-02T09:20:15","guid":{"rendered":"https:\/\/comunicacion.umh.es\/?p=134249"},"modified":"2020-04-03T09:32:26","modified_gmt":"2020-04-03T07:32:26","slug":"la-umh-lidera-un-proyecto-colaborativo-con-recursos-y-materiales-para-mitigar-el-estres-en-trabajadores-sanitarios-y-personal-de-apoyo","status":"publish","type":"post","link":"https:\/\/comunicacion.umh.es\/en\/2020\/04\/02\/la-umh-lidera-un-proyecto-colaborativo-con-recursos-y-materiales-para-mitigar-el-estres-en-trabajadores-sanitarios-y-personal-de-apoyo\/","title":{"rendered":"Collaborative project with resources and material to mitigate stress in health workers and support personnel"},"content":{"rendered":"<p><\/p>\n<p style=\"text-align: justify\">Faculty from the Miguel Hern\u00e1ndez University of Elche (UMH), along with investigators from the Foundation for the Promotion of Health and Biomedical Research of the Valencian Community (FISABIO), are spearheading the \u201cSecond Victims of SARS-CoV-2 (COVID-19)\u201d collaborative project. In this investigation, which is led by UMH professor, Jos\u00e9 Joaqu\u00edn Mira Solves, various specialists have designed and launched a web portal and app that provides resources and material to mitigate acute stress in both the health and non-health professionals who are associated with the current health crisis.<!--more--><\/p>\n<p><a href=\"https:\/\/comunicacion.umh.es\/files\/2020\/04\/02-04-20-web-y-app-proyecto-segundas-v\u00edctimas.png\"><img loading=\"lazy\" class=\"alignleft size-medium wp-image-134252\" src=\"https:\/\/comunicacion.umh.es\/files\/2020\/04\/02-04-20-web-y-app-proyecto-segundas-v\u00edctimas-140x300.png\" alt=\"\" width=\"140\" height=\"300\" srcset=\"https:\/\/comunicacion.umh.es\/files\/2020\/04\/02-04-20-web-y-app-proyecto-segundas-v\u00edctimas-140x300.png 140w, https:\/\/comunicacion.umh.es\/files\/2020\/04\/02-04-20-web-y-app-proyecto-segundas-v\u00edctimas-479x1024.png 479w, https:\/\/comunicacion.umh.es\/files\/2020\/04\/02-04-20-web-y-app-proyecto-segundas-v\u00edctimas.png 600w\" sizes=\"(max-width: 140px) 100vw, 140px\" \/><\/a><\/p>\n<p style=\"text-align: justify\">This project, which is being conducted in collaboration with health professionals from different parts of Spain, compiles a series of reflections and recommendations to plan actions for the prevention of and approach to acute stress reactions in health workers and other support personnel due to the ongoing COVID-19 crisis. According to the investigators, the care pressures the coronavirus pandemic is causing, together with the extreme social alarm and working conditions, are producing an extreme scenario that requires action on preventing possible post-traumatic stress disorder (PTSD) that all of this is going to cause en masse. Health professionals are being subjected to extraordinary and intense emotional and professional stresses.<\/p>\n<p style=\"text-align: justify\">The <u><a href=\"http:\/\/segundasvictimascovid19.umh.es\/\">http:\/\/segundasvictimascovid19.umh.es\/<\/a><\/u> website offers a battery of 19 resources to mitigate the acute stress associated with the SARS-CoV-2 (COVID-19) crisis. These resources have been suggested as intervention proposals to respond to the needs that have been detected. For each need, different recommended proposals are listed.<\/p>\n<p style=\"text-align: justify\">For its part, the main function of the SER+ contra COVID (Spanish for \u201cbe more against coronavirus disease\u201d) app, developed as one of the resources, is to serve as a self-assessment tool on the ability to cope with the coronavirus (SARS-CoV-2) crisis. Additionally, the app provides advice and recommendations, and encourages users to read positive news. The graphic material uploaded on the app can be downloaded and used without needing an Internet connection. What\u2019s more, the content related to the sections of \u201cAdvice and Recommendations\u201d and \u201cPositive News\u201d is constantly refreshed and expanded, so that it is always up to date on the latest advances and official information. Currently, the app can be downloaded for Android at <u><a href=\"http:\/\/lcsi.umh.es\/segvic\/ser_mas_app.apk\">http:\/\/lcsi.umh.es\/segvic\/ser_mas_app.apk<\/a><\/u>, and it will soon be available for iOS and published on official Google Play and App Store channels.<\/p>\n<p style=\"text-align: justify\">The origin of the Second Victims concept predates the current situation; its start and development occurred during FIS and FEDER funds projects of reference PI13\/0473 and PI13\/01220, whose principal investigators were Jos\u00e9 Joaqu\u00edn Mira Solves (Department of Health Psychology at the UMH) and Susana Lorenzo (Alcorc\u00f3n Foundation University Hospital of Madrid).<\/p>\n<p style=\"text-align: justify\">The SER+ contra COVID app has been included among a repository of European mobile health initiatives, launched to help observe, analyze, and manage information about the COVID-19 pandemic.<\/p>\n<p style=\"text-align: justify\">This repository belongs to the European Knowledge and Innovation mHealth Hub project, which is promoted by the World Health Organization and International Telecommunication Union (ITU) of the United Nations, and is led by the Andalusian Agency for Healthcare Quality. The European mHealth Hub is a site of reference in innovation and knowledge on mobile health for the European territories of the World Health Organization, which is comprised of 53 countries. Included among its objectives is facilitating the exchange and spread of digital innovations within the health systems of European countries. The mHealth solutions developed for COVID can be consulted at <u><a href=\"http:\/\/mhealth-hub.org\/mhealth-solutions-against-covid-1\">http:\/\/mhealth-hub.org\/mhealth-solutions-against-covid-1<\/a><\/u>. More specifically, the SER+ contra COVID app is found within the GOVERNMENTAL INITIATIVES section.<\/p>\n<p style=\"text-align: justify\">Lastly, the project\u2019s website, <u>https:\/\/segundasvictimascovid19.umh.es\/<\/u>, also publishes positive news about the evolution of the pandemic, and digital resources are shown on its Twitter account, @second_victims.<\/p>\n<p><a href=\"https:\/\/comunicacion.umh.es\/files\/2020\/04\/02-04-20-web-y-app-segundas-v\u00edctimas2.png\"><img loading=\"lazy\" class=\"alignleft size-medium wp-image-134255\" src=\"https:\/\/comunicacion.umh.es\/files\/2020\/04\/02-04-20-web-y-app-segundas-v\u00edctimas2-140x300.png\" alt=\"\" width=\"140\" height=\"300\" srcset=\"https:\/\/comunicacion.umh.es\/files\/2020\/04\/02-04-20-web-y-app-segundas-v\u00edctimas2-140x300.png 140w, https:\/\/comunicacion.umh.es\/files\/2020\/04\/02-04-20-web-y-app-segundas-v\u00edctimas2-479x1024.png 479w, https:\/\/comunicacion.umh.es\/files\/2020\/04\/02-04-20-web-y-app-segundas-v\u00edctimas2.png 600w\" sizes=\"(max-width: 140px) 100vw, 140px\" \/><\/a><\/p>\n<p style=\"text-align: justify\">&nbsp;<\/p>\n<p><\/p>","protected":false},"excerpt":{"rendered":"<p>Faculty from the Miguel Hern\u00e1ndez University of Elche (UMH), along with investigators from the Foundation for the Promotion of Health and Biomedical Research of the Valencian Community (FISABIO), are spearheading the \u201cSecond Victims of SARS-CoV-2 (COVID-19)\u201d collaborative project. In this investigation, which is led by UMH professor, Jos\u00e9 Joaqu\u00edn Mira Solves, various specialists have designed [&#8230;]<\/p>\n","protected":false},"author":4856,"featured_media":0,"comment_status":"closed","ping_status":"open","sticky":false,"template":"","format":"standard","meta":{"ngg_post_thumbnail":0,"_links_to":"","_links_to_target":""},"categories":[770,69,2782,191,43,2796,2777],"tags":[],"_links":{"self":[{"href":"https:\/\/comunicacion.umh.es\/en\/wp-json\/wp\/v2\/posts\/134249"}],"collection":[{"href":"https:\/\/comunicacion.umh.es\/en\/wp-json\/wp\/v2\/posts"}],"about":[{"href":"https:\/\/comunicacion.umh.es\/en\/wp-json\/wp\/v2\/types\/post"}],"author":[{"embeddable":true,"href":"https:\/\/comunicacion.umh.es\/en\/wp-json\/wp\/v2\/users\/4856"}],"replies":[{"embeddable":true,"href":"https:\/\/comunicacion.umh.es\/en\/wp-json\/wp\/v2\/comments?post=134249"}],"version-history":[{"count":0,"href":"https:\/\/comunicacion.umh.es\/en\/wp-json\/wp\/v2\/posts\/134249\/revisions"}],"wp:attachment":[{"href":"https:\/\/comunicacion.umh.es\/en\/wp-json\/wp\/v2\/media?parent=134249"}],"wp:term":[{"taxonomy":"category","embeddable":true,"href":"https:\/\/comunicacion.umh.es\/en\/wp-json\/wp\/v2\/categories?post=134249"},{"taxonomy":"post_tag","embeddable":true,"href":"https:\/\/comunicacion.umh.es\/en\/wp-json\/wp\/v2\/tags?post=134249"}],"curies":[{"name":"wp","href":"https:\/\/api.w.org\/{rel}","templated":true}]}}