{"id":134298,"date":"2020-04-06T12:00:57","date_gmt":"2020-04-06T10:00:57","guid":{"rendered":"https:\/\/comunicacion.umh.es\/?p=134298"},"modified":"2020-04-06T12:54:38","modified_gmt":"2020-04-06T10:54:38","slug":"lanzamiento-de-una-web-con-recomendaciones-y-actividades-para-el-confinamiento-con-motivo-del-dia-internacional-de-la-actividad-fisica","status":"publish","type":"post","link":"https:\/\/comunicacion.umh.es\/en\/2020\/04\/06\/lanzamiento-de-una-web-con-recomendaciones-y-actividades-para-el-confinamiento-con-motivo-del-dia-internacional-de-la-actividad-fisica\/","title":{"rendered":"<span lang=\"es\">(Espa\u00f1ol) Lanzamiento de una web con recomendaciones y actividades para el confinamiento, con motivo del D\u00eda Internacional de la Actividad F\u00edsica<\/span>"},"content":{"rendered":"<p class=\"qtranxs-available-languages-message qtranxs-available-languages-message-en\">Sorry, this entry is only available in <a href=\"https:\/\/comunicacion.umh.es\/es\/wp-json\/wp\/v2\/posts\/134298\" class=\"qtranxs-available-language-link qtranxs-available-language-link-es\" title=\"Espa\u00f1ol\">European Spanish<\/a>.<\/p>","protected":false},"excerpt":{"rendered":"<p>Sorry, this entry is only available in European Spanish.<\/p>\n","protected":false},"author":4868,"featured_media":0,"comment_status":"closed","ping_status":"open","sticky":false,"template":"","format":"standard","meta":{"ngg_post_thumbnail":0,"_links_to":"","_links_to_target":""},"categories":[770,87,461,69,2782,43],"tags":[],"_links":{"self":[{"href":"https:\/\/comunicacion.umh.es\/en\/wp-json\/wp\/v2\/posts\/134298"}],"collection":[{"href":"https:\/\/comunicacion.umh.es\/en\/wp-json\/wp\/v2\/posts"}],"about":[{"href":"https:\/\/comunicacion.umh.es\/en\/wp-json\/wp\/v2\/types\/post"}],"author":[{"embeddable":true,"href":"https:\/\/comunicacion.umh.es\/en\/wp-json\/wp\/v2\/users\/4868"}],"replies":[{"embeddable":true,"href":"https:\/\/comunicacion.umh.es\/en\/wp-json\/wp\/v2\/comments?post=134298"}],"version-history":[{"count":0,"href":"https:\/\/comunicacion.umh.es\/en\/wp-json\/wp\/v2\/posts\/134298\/revisions"}],"wp:attachment":[{"href":"https:\/\/comunicacion.umh.es\/en\/wp-json\/wp\/v2\/media?parent=134298"}],"wp:term":[{"taxonomy":"category","embeddable":true,"href":"https:\/\/comunicacion.umh.es\/en\/wp-json\/wp\/v2\/categories?post=134298"},{"taxonomy":"post_tag","embeddable":true,"href":"https:\/\/comunicacion.umh.es\/en\/wp-json\/wp\/v2\/tags?post=134298"}],"curies":[{"name":"wp","href":"https:\/\/api.w.org\/{rel}","templated":true}]}}