{"id":136292,"date":"2020-07-13T11:49:14","date_gmt":"2020-07-13T09:49:14","guid":{"rendered":"https:\/\/comunicacion.umh.es\/?p=136292"},"modified":"2020-07-13T12:43:54","modified_gmt":"2020-07-13T10:43:54","slug":"la-compania-de-teatro-participa-en-el-viii-festival-de-teatro-clasico-de-la-alcudia-con-la-obra-online-enredando-a-celestina","status":"publish","type":"post","link":"https:\/\/comunicacion.umh.es\/en\/2020\/07\/13\/la-compania-de-teatro-participa-en-el-viii-festival-de-teatro-clasico-de-la-alcudia-con-la-obra-online-enredando-a-celestina\/","title":{"rendered":"<span lang=\"es\">(Espa\u00f1ol) La Compa\u00f1\u00eda de Teatro participa en el VIII Festival de Teatro Cl\u00e1sico de la Alcudia con la obra online \u201cEnredando a Celestina\u201d<\/span>"},"content":{"rendered":"<p class=\"qtranxs-available-languages-message qtranxs-available-languages-message-en\">Sorry, this entry is only available in <a href=\"https:\/\/comunicacion.umh.es\/es\/wp-json\/wp\/v2\/posts\/136292\" class=\"qtranxs-available-language-link qtranxs-available-language-link-es\" title=\"Espa\u00f1ol\">European Spanish<\/a>.<\/p>","protected":false},"excerpt":{"rendered":"<p>Sorry, this entry is only available in European Spanish.<\/p>\n","protected":false},"author":2693,"featured_media":0,"comment_status":"closed","ping_status":"open","sticky":false,"template":"","format":"standard","meta":{"ngg_post_thumbnail":0,"_links_to":"","_links_to_target":""},"categories":[43],"tags":[],"_links":{"self":[{"href":"https:\/\/comunicacion.umh.es\/en\/wp-json\/wp\/v2\/posts\/136292"}],"collection":[{"href":"https:\/\/comunicacion.umh.es\/en\/wp-json\/wp\/v2\/posts"}],"about":[{"href":"https:\/\/comunicacion.umh.es\/en\/wp-json\/wp\/v2\/types\/post"}],"author":[{"embeddable":true,"href":"https:\/\/comunicacion.umh.es\/en\/wp-json\/wp\/v2\/users\/2693"}],"replies":[{"embeddable":true,"href":"https:\/\/comunicacion.umh.es\/en\/wp-json\/wp\/v2\/comments?post=136292"}],"version-history":[{"count":0,"href":"https:\/\/comunicacion.umh.es\/en\/wp-json\/wp\/v2\/posts\/136292\/revisions"}],"wp:attachment":[{"href":"https:\/\/comunicacion.umh.es\/en\/wp-json\/wp\/v2\/media?parent=136292"}],"wp:term":[{"taxonomy":"category","embeddable":true,"href":"https:\/\/comunicacion.umh.es\/en\/wp-json\/wp\/v2\/categories?post=136292"},{"taxonomy":"post_tag","embeddable":true,"href":"https:\/\/comunicacion.umh.es\/en\/wp-json\/wp\/v2\/tags?post=136292"}],"curies":[{"name":"wp","href":"https:\/\/api.w.org\/{rel}","templated":true}]}}