{"id":137472,"date":"2020-09-30T10:28:31","date_gmt":"2020-09-30T08:28:31","guid":{"rendered":"https:\/\/comunicacion.umh.es\/?p=137472"},"modified":"2020-09-30T10:30:38","modified_gmt":"2020-09-30T08:30:38","slug":"el-sufrimiento-de-personas-transgenero-esta-unido-a-las-construcciones-sociales-de-genero-y-familia-segun-una-tesis-de-la-umh-y-la-usp-de-brasil","status":"publish","type":"post","link":"https:\/\/comunicacion.umh.es\/en\/2020\/09\/30\/el-sufrimiento-de-personas-transgenero-esta-unido-a-las-construcciones-sociales-de-genero-y-familia-segun-una-tesis-de-la-umh-y-la-usp-de-brasil\/","title":{"rendered":"<span lang=\"es\">(Espa\u00f1ol) El sufrimiento de personas transg\u00e9nero est\u00e1 unido a las construcciones sociales de g\u00e9nero y familia, seg\u00fan una tesis de la UMH y la USP de Brasil<\/span>"},"content":{"rendered":"<p class=\"qtranxs-available-languages-message qtranxs-available-languages-message-en\">Sorry, this entry is only available in <a href=\"https:\/\/comunicacion.umh.es\/es\/wp-json\/wp\/v2\/posts\/137472\" class=\"qtranxs-available-language-link qtranxs-available-language-link-es\" title=\"Espa\u00f1ol\">European Spanish<\/a>.<\/p>","protected":false},"excerpt":{"rendered":"<p>Sorry, this entry is only available in European Spanish.<\/p>\n","protected":false},"author":2693,"featured_media":0,"comment_status":"closed","ping_status":"open","sticky":false,"template":"","format":"standard","meta":{"ngg_post_thumbnail":0,"_links_to":"","_links_to_target":""},"categories":[43,1],"tags":[],"_links":{"self":[{"href":"https:\/\/comunicacion.umh.es\/en\/wp-json\/wp\/v2\/posts\/137472"}],"collection":[{"href":"https:\/\/comunicacion.umh.es\/en\/wp-json\/wp\/v2\/posts"}],"about":[{"href":"https:\/\/comunicacion.umh.es\/en\/wp-json\/wp\/v2\/types\/post"}],"author":[{"embeddable":true,"href":"https:\/\/comunicacion.umh.es\/en\/wp-json\/wp\/v2\/users\/2693"}],"replies":[{"embeddable":true,"href":"https:\/\/comunicacion.umh.es\/en\/wp-json\/wp\/v2\/comments?post=137472"}],"version-history":[{"count":0,"href":"https:\/\/comunicacion.umh.es\/en\/wp-json\/wp\/v2\/posts\/137472\/revisions"}],"wp:attachment":[{"href":"https:\/\/comunicacion.umh.es\/en\/wp-json\/wp\/v2\/media?parent=137472"}],"wp:term":[{"taxonomy":"category","embeddable":true,"href":"https:\/\/comunicacion.umh.es\/en\/wp-json\/wp\/v2\/categories?post=137472"},{"taxonomy":"post_tag","embeddable":true,"href":"https:\/\/comunicacion.umh.es\/en\/wp-json\/wp\/v2\/tags?post=137472"}],"curies":[{"name":"wp","href":"https:\/\/api.w.org\/{rel}","templated":true}]}}