{"id":138468,"date":"2020-11-09T13:05:34","date_gmt":"2020-11-09T12:05:34","guid":{"rendered":"https:\/\/comunicacion.umh.es\/?p=138468"},"modified":"2020-11-09T13:33:13","modified_gmt":"2020-11-09T12:33:13","slug":"la-umh-y-la-diputacion-de-alicante-colaboraran-para-la-gestion-y-el-funcionamiento-del-observatorio-provincial-de-la-inmigracion","status":"publish","type":"post","link":"https:\/\/comunicacion.umh.es\/en\/2020\/11\/09\/la-umh-y-la-diputacion-de-alicante-colaboraran-para-la-gestion-y-el-funcionamiento-del-observatorio-provincial-de-la-inmigracion\/","title":{"rendered":"<span lang=\"es\">(Espa\u00f1ol) La UMH y la Diputaci\u00f3n de Alicante colaborar\u00e1n para la gesti\u00f3n y el funcionamiento del Observatorio Provincial de la Inmigraci\u00f3n<\/span>"},"content":{"rendered":"<p class=\"qtranxs-available-languages-message qtranxs-available-languages-message-en\">Sorry, this entry is only available in <a href=\"https:\/\/comunicacion.umh.es\/es\/wp-json\/wp\/v2\/posts\/138468\" class=\"qtranxs-available-language-link qtranxs-available-language-link-es\" title=\"Espa\u00f1ol\">European Spanish<\/a>.<\/p>","protected":false},"excerpt":{"rendered":"<p>Sorry, this entry is only available in European Spanish.<\/p>\n","protected":false},"author":2693,"featured_media":0,"comment_status":"closed","ping_status":"open","sticky":false,"template":"","format":"standard","meta":{"ngg_post_thumbnail":0,"_links_to":"","_links_to_target":""},"categories":[43],"tags":[],"_links":{"self":[{"href":"https:\/\/comunicacion.umh.es\/en\/wp-json\/wp\/v2\/posts\/138468"}],"collection":[{"href":"https:\/\/comunicacion.umh.es\/en\/wp-json\/wp\/v2\/posts"}],"about":[{"href":"https:\/\/comunicacion.umh.es\/en\/wp-json\/wp\/v2\/types\/post"}],"author":[{"embeddable":true,"href":"https:\/\/comunicacion.umh.es\/en\/wp-json\/wp\/v2\/users\/2693"}],"replies":[{"embeddable":true,"href":"https:\/\/comunicacion.umh.es\/en\/wp-json\/wp\/v2\/comments?post=138468"}],"version-history":[{"count":0,"href":"https:\/\/comunicacion.umh.es\/en\/wp-json\/wp\/v2\/posts\/138468\/revisions"}],"wp:attachment":[{"href":"https:\/\/comunicacion.umh.es\/en\/wp-json\/wp\/v2\/media?parent=138468"}],"wp:term":[{"taxonomy":"category","embeddable":true,"href":"https:\/\/comunicacion.umh.es\/en\/wp-json\/wp\/v2\/categories?post=138468"},{"taxonomy":"post_tag","embeddable":true,"href":"https:\/\/comunicacion.umh.es\/en\/wp-json\/wp\/v2\/tags?post=138468"}],"curies":[{"name":"wp","href":"https:\/\/api.w.org\/{rel}","templated":true}]}}