{"id":1394,"date":"2012-01-27T14:14:34","date_gmt":"2012-01-27T12:14:34","guid":{"rendered":"http:\/\/comunicacion.umh.es\/2012\/01\/27\/la-umh-inviste-como-doctora-honoris-causa-a-maria-josefa-yzuel-gimenez-durante-la-festividad-de-santo-tomas-de-aquino\/"},"modified":"2012-01-27T14:14:34","modified_gmt":"2012-01-27T12:14:34","slug":"la-umh-inviste-como-doctora-honoris-causa-a-maria-josefa-yzuel-gimenez-durante-la-festividad-de-santo-tomas-de-aquino","status":"publish","type":"post","link":"https:\/\/comunicacion.umh.es\/en\/2012\/01\/27\/la-umh-inviste-como-doctora-honoris-causa-a-maria-josefa-yzuel-gimenez-durante-la-festividad-de-santo-tomas-de-aquino\/","title":{"rendered":"<span lang=\"es\">(Espa\u00f1ol) La UMH inviste como Doctora Honoris Causa a Mar\u00eda Josefa Yzuel Gim\u00e9nez durante la festividad de Santo Tom\u00e1s de Aquino<\/span>"},"content":{"rendered":"<p class=\"qtranxs-available-languages-message qtranxs-available-languages-message-en\">Sorry, this entry is only available in <a href=\"https:\/\/comunicacion.umh.es\/es\/wp-json\/wp\/v2\/posts\/1394\" class=\"qtranxs-available-language-link qtranxs-available-language-link-es\" title=\"Espa\u00f1ol\">European Spanish<\/a>.<\/p>","protected":false},"excerpt":{"rendered":"<p>Sorry, this entry is only available in European Spanish.<\/p>\n","protected":false},"author":308,"featured_media":0,"comment_status":"closed","ping_status":"open","sticky":false,"template":"","format":"standard","meta":{"ngg_post_thumbnail":0,"_links_to":"","_links_to_target":""},"categories":[643],"tags":[],"_links":{"self":[{"href":"https:\/\/comunicacion.umh.es\/en\/wp-json\/wp\/v2\/posts\/1394"}],"collection":[{"href":"https:\/\/comunicacion.umh.es\/en\/wp-json\/wp\/v2\/posts"}],"about":[{"href":"https:\/\/comunicacion.umh.es\/en\/wp-json\/wp\/v2\/types\/post"}],"author":[{"embeddable":true,"href":"https:\/\/comunicacion.umh.es\/en\/wp-json\/wp\/v2\/users\/308"}],"replies":[{"embeddable":true,"href":"https:\/\/comunicacion.umh.es\/en\/wp-json\/wp\/v2\/comments?post=1394"}],"version-history":[{"count":0,"href":"https:\/\/comunicacion.umh.es\/en\/wp-json\/wp\/v2\/posts\/1394\/revisions"}],"wp:attachment":[{"href":"https:\/\/comunicacion.umh.es\/en\/wp-json\/wp\/v2\/media?parent=1394"}],"wp:term":[{"taxonomy":"category","embeddable":true,"href":"https:\/\/comunicacion.umh.es\/en\/wp-json\/wp\/v2\/categories?post=1394"},{"taxonomy":"post_tag","embeddable":true,"href":"https:\/\/comunicacion.umh.es\/en\/wp-json\/wp\/v2\/tags?post=1394"}],"curies":[{"name":"wp","href":"https:\/\/api.w.org\/{rel}","templated":true}]}}