{"id":140289,"date":"2021-02-05T08:10:12","date_gmt":"2021-02-05T07:10:12","guid":{"rendered":"https:\/\/comunicacion.umh.es\/?p=140289"},"modified":"2021-02-05T10:08:20","modified_gmt":"2021-02-05T09:08:20","slug":"umh-television-emite-esta-semana-un-reportaje-sobre-las-ultimas-actuaciones-de-la-universidad-en-materia-de-sostenibilidad-ambiental","status":"publish","type":"post","link":"https:\/\/comunicacion.umh.es\/en\/2021\/02\/05\/umh-television-emite-esta-semana-un-reportaje-sobre-las-ultimas-actuaciones-de-la-universidad-en-materia-de-sostenibilidad-ambiental\/","title":{"rendered":"<span lang=\"es\">(Espa\u00f1ol) UMH Televisi\u00f3n emite esta semana un reportaje sobre las \u00faltimas actuaciones de la Universidad en materia de sostenibilidad ambiental<\/span>"},"content":{"rendered":"<p class=\"qtranxs-available-languages-message qtranxs-available-languages-message-en\">Sorry, this entry is only available in <a href=\"https:\/\/comunicacion.umh.es\/es\/wp-json\/wp\/v2\/posts\/140289\" class=\"qtranxs-available-language-link qtranxs-available-language-link-es\" title=\"Espa\u00f1ol\">European Spanish<\/a>.<\/p>","protected":false},"excerpt":{"rendered":"<p>Sorry, this entry is only available in European Spanish.<\/p>\n","protected":false},"author":3448,"featured_media":0,"comment_status":"closed","ping_status":"open","sticky":false,"template":"","format":"standard","meta":{"ngg_post_thumbnail":0,"_links_to":"","_links_to_target":""},"categories":[43],"tags":[],"_links":{"self":[{"href":"https:\/\/comunicacion.umh.es\/en\/wp-json\/wp\/v2\/posts\/140289"}],"collection":[{"href":"https:\/\/comunicacion.umh.es\/en\/wp-json\/wp\/v2\/posts"}],"about":[{"href":"https:\/\/comunicacion.umh.es\/en\/wp-json\/wp\/v2\/types\/post"}],"author":[{"embeddable":true,"href":"https:\/\/comunicacion.umh.es\/en\/wp-json\/wp\/v2\/users\/3448"}],"replies":[{"embeddable":true,"href":"https:\/\/comunicacion.umh.es\/en\/wp-json\/wp\/v2\/comments?post=140289"}],"version-history":[{"count":0,"href":"https:\/\/comunicacion.umh.es\/en\/wp-json\/wp\/v2\/posts\/140289\/revisions"}],"wp:attachment":[{"href":"https:\/\/comunicacion.umh.es\/en\/wp-json\/wp\/v2\/media?parent=140289"}],"wp:term":[{"taxonomy":"category","embeddable":true,"href":"https:\/\/comunicacion.umh.es\/en\/wp-json\/wp\/v2\/categories?post=140289"},{"taxonomy":"post_tag","embeddable":true,"href":"https:\/\/comunicacion.umh.es\/en\/wp-json\/wp\/v2\/tags?post=140289"}],"curies":[{"name":"wp","href":"https:\/\/api.w.org\/{rel}","templated":true}]}}