{"id":141120,"date":"2021-03-10T08:00:19","date_gmt":"2021-03-10T07:00:19","guid":{"rendered":"https:\/\/comunicacion.umh.es\/?p=141120"},"modified":"2021-03-10T10:51:48","modified_gmt":"2021-03-10T09:51:48","slug":"posicionament-del-consell-general-de-la-xarxa-vives-en-relacio-a-la-contribucio-de-les-universitats-en-lactual-context-de-crisi-sanitaria","status":"publish","type":"post","link":"https:\/\/comunicacion.umh.es\/en\/2021\/03\/10\/posicionament-del-consell-general-de-la-xarxa-vives-en-relacio-a-la-contribucio-de-les-universitats-en-lactual-context-de-crisi-sanitaria\/","title":{"rendered":"<span lang=\"es\">(Espa\u00f1ol) Posicionament del Consell General de la Xarxa Vives en relaci\u00f3 a la contribuci\u00f3 de les universitats en l\u2019actual context de crisi sanit\u00e0ria<\/span>"},"content":{"rendered":"<p class=\"qtranxs-available-languages-message qtranxs-available-languages-message-en\">Sorry, this entry is only available in <a href=\"https:\/\/comunicacion.umh.es\/es\/wp-json\/wp\/v2\/posts\/141120\" class=\"qtranxs-available-language-link qtranxs-available-language-link-es\" title=\"Espa\u00f1ol\">European Spanish<\/a>.<\/p>","protected":false},"excerpt":{"rendered":"<p>Sorry, this entry is only available in European Spanish.<\/p>\n","protected":false},"author":2693,"featured_media":0,"comment_status":"closed","ping_status":"open","sticky":false,"template":"","format":"standard","meta":{"ngg_post_thumbnail":0,"_links_to":"","_links_to_target":""},"categories":[3381],"tags":[],"_links":{"self":[{"href":"https:\/\/comunicacion.umh.es\/en\/wp-json\/wp\/v2\/posts\/141120"}],"collection":[{"href":"https:\/\/comunicacion.umh.es\/en\/wp-json\/wp\/v2\/posts"}],"about":[{"href":"https:\/\/comunicacion.umh.es\/en\/wp-json\/wp\/v2\/types\/post"}],"author":[{"embeddable":true,"href":"https:\/\/comunicacion.umh.es\/en\/wp-json\/wp\/v2\/users\/2693"}],"replies":[{"embeddable":true,"href":"https:\/\/comunicacion.umh.es\/en\/wp-json\/wp\/v2\/comments?post=141120"}],"version-history":[{"count":0,"href":"https:\/\/comunicacion.umh.es\/en\/wp-json\/wp\/v2\/posts\/141120\/revisions"}],"wp:attachment":[{"href":"https:\/\/comunicacion.umh.es\/en\/wp-json\/wp\/v2\/media?parent=141120"}],"wp:term":[{"taxonomy":"category","embeddable":true,"href":"https:\/\/comunicacion.umh.es\/en\/wp-json\/wp\/v2\/categories?post=141120"},{"taxonomy":"post_tag","embeddable":true,"href":"https:\/\/comunicacion.umh.es\/en\/wp-json\/wp\/v2\/tags?post=141120"}],"curies":[{"name":"wp","href":"https:\/\/api.w.org\/{rel}","templated":true}]}}