{"id":142115,"date":"2021-04-16T10:38:10","date_gmt":"2021-04-16T08:38:10","guid":{"rendered":"https:\/\/comunicacion.umh.es\/?p=142115"},"modified":"2021-04-16T14:24:28","modified_gmt":"2021-04-16T12:24:28","slug":"la-umh-instala-equipos-de-medida-del-aerosol-atmosferico-en-zonas-de-interiores-para-analizar-la-concentracion-del-virus-sars-cov-2","status":"publish","type":"post","link":"https:\/\/comunicacion.umh.es\/en\/2021\/04\/16\/la-umh-instala-equipos-de-medida-del-aerosol-atmosferico-en-zonas-de-interiores-para-analizar-la-concentracion-del-virus-sars-cov-2\/","title":{"rendered":"Sampling of indoor aerosols to detect SARS-CoV-2"},"content":{"rendered":"<p><\/p>\n<p style=\"text-align: justify\">A multidisciplinary research team formed by personnel from the universities of Miguel Hern\u00e1ndez of Elche (UMH), Jaume I (UJI), and Val\u00e8ncia (UV), led by UJI professor, Juana Mar\u00eda Delgado Saborit, has begun installing equipment inside public spaces to measure and evaluate the genetic load of the SARS-CoV-2 virus.<!--more--><\/p>\n<div id=\"attachment_142121\" style=\"width: 310px\" class=\"wp-caption alignleft\"><a href=\"https:\/\/comunicacion.umh.es\/files\/2021\/04\/Captura.png\"><img aria-describedby=\"caption-attachment-142121\" loading=\"lazy\" class=\"size-medium wp-image-142121\" src=\"https:\/\/comunicacion.umh.es\/files\/2021\/04\/Captura-300x213.png\" alt=\"\" width=\"300\" height=\"213\" srcset=\"https:\/\/comunicacion.umh.es\/files\/2021\/04\/Captura-300x213.png 300w, https:\/\/comunicacion.umh.es\/files\/2021\/04\/Captura-768x544.png 768w, https:\/\/comunicacion.umh.es\/files\/2021\/04\/Captura-1024x726.png 1024w, https:\/\/comunicacion.umh.es\/files\/2021\/04\/Captura.png 1312w\" sizes=\"(max-width: 300px) 100vw, 300px\" \/><\/a><p id=\"caption-attachment-142121\" class=\"wp-caption-text\">Fuente: UMH.<\/p><\/div>\n<p style=\"text-align: justify\">In Elche, the team of UMH professor, Nuria Galindo, from the Atmospheric Pollution Laboratory research group, has already begun collecting samples from within Classroom 1.6 of the Altabix Building in addition to the Arenals cafeteria on that UMH campus.<\/p>\n<p style=\"text-align: justify\">This project, \u2018Detection of SARS-CoV-2 in Indoor Aerosols as a Tool for Evaluating Health Measures to Prevent and Alert about Covid-19 Transmission,\u2019 is receiving almost 200,000 euros from the Generalitat Valenciana as a project of excellence. Its main objective is to determine the genetic load of the virus in aerosol samples taken from indoor settings, as well as evaluate whether such detection can serve as a sentinel to warn about future waves of Covid-19.<\/p>\n<p style=\"text-align: justify\">The equipment used to collect atmospheric aerosol samples is portable and will remain installed in various locations for one week each. The study is placing this equipment in elementary schools, high schools, hospitals, health centers, and nursing homes for the elderly because, among its objectives, is to evaluate the effectiveness of the preventive health measures that are currently being applied in order to modify them or to propose new ones depending upon the results from the study. In order to draw conclusions that enable determining the efficacy of the adopted measures, the research team plans to collect samples for more than four months, and these samples will serve to carry out biochemical analyses of genetic load relative to SARS-CoV-2 in the atmospheric aerosols.<\/p>\n<p style=\"text-align: justify\">The research team is comprised of Juana Mar\u00eda Delgado, from the Perinatal Epidemiology, Environmental Health and Clinical Research group at the UJI; professor &nbsp;Vicente J. Esteve Cano (UJI) and researchers Nuria Galindo (UMH) and Ana Esplugues (UV), who make up the scientific advisory committee on air quality; UJI researchers, Rosa de Llanos, Manuela Barneo, and Paula Carrasco, as microbiology experts; in addition to researchers, Marisa Reblagliato (UJI), Juan B. Bellido (UJI), Mar\u00eda Barber\u00e1 (UJI), Mar\u00eda Luisa Estarlich (UV), Ferran Ballester (UV), and Carmen I\u00f1\u00edguez (UV), who belong to the scientific advisory committee on environmental epidemiology.<\/p>\n<p style=\"text-align: justify\">The financial support was granted by the Generalitat Valenciana in late 2020 as part of a package of exceptional grants for entities conducting research projects of excellence to anticipate and adapt to situations caused by Covid-19. The purpose of this initiative was to fund strategic R&amp;D projects of excellence that provide governmental agencies with the best tools for combating coronavirus.<\/p>\n<p style=\"text-align: justify\">Likewise, the UMH Atmospheric Pollution Laboratory research group is participating in another project based on analyzing the presence of genetic remains of Covid-19 in urban areas of Elche. To accomplish this, the UMH researchers have installed an atmospheric measuring station near the kiosk at the Glorieta in Elche.<\/p>\n<div id=\"attachment_142120\" style=\"width: 310px\" class=\"wp-caption alignleft\"><a href=\"https:\/\/comunicacion.umh.es\/files\/2021\/04\/IMG-3618.jpg\"><img aria-describedby=\"caption-attachment-142120\" loading=\"lazy\" class=\"size-medium wp-image-142120\" src=\"https:\/\/comunicacion.umh.es\/files\/2021\/04\/IMG-3618-300x225.jpg\" alt=\"\" width=\"300\" height=\"225\" srcset=\"https:\/\/comunicacion.umh.es\/files\/2021\/04\/IMG-3618-300x225.jpg 300w, https:\/\/comunicacion.umh.es\/files\/2021\/04\/IMG-3618-768x576.jpg 768w, https:\/\/comunicacion.umh.es\/files\/2021\/04\/IMG-3618-1024x768.jpg 1024w\" sizes=\"(max-width: 300px) 100vw, 300px\" \/><\/a><p id=\"caption-attachment-142120\" class=\"wp-caption-text\"><em>Fuente: UMH<\/em><\/p><\/div>\n<p style=\"text-align: justify\">&nbsp;<\/p>\n<p><\/p>","protected":false},"excerpt":{"rendered":"<p>A multidisciplinary research team formed by personnel from the universities of Miguel Hern\u00e1ndez of Elche (UMH), Jaume I (UJI), and Val\u00e8ncia (UV), led by UJI professor, Juana Mar\u00eda Delgado Saborit, has begun installing equipment inside public spaces to measure and evaluate the genetic load of the SARS-CoV-2 virus.<br \/>\nFuente: UMH.<br \/>\nIn Elche, the team of UMH professor, [&#8230;]<\/p>\n","protected":false},"author":2693,"featured_media":0,"comment_status":"closed","ping_status":"open","sticky":false,"template":"","format":"standard","meta":{"ngg_post_thumbnail":0,"_links_to":"","_links_to_target":""},"categories":[43,2777],"tags":[],"_links":{"self":[{"href":"https:\/\/comunicacion.umh.es\/en\/wp-json\/wp\/v2\/posts\/142115"}],"collection":[{"href":"https:\/\/comunicacion.umh.es\/en\/wp-json\/wp\/v2\/posts"}],"about":[{"href":"https:\/\/comunicacion.umh.es\/en\/wp-json\/wp\/v2\/types\/post"}],"author":[{"embeddable":true,"href":"https:\/\/comunicacion.umh.es\/en\/wp-json\/wp\/v2\/users\/2693"}],"replies":[{"embeddable":true,"href":"https:\/\/comunicacion.umh.es\/en\/wp-json\/wp\/v2\/comments?post=142115"}],"version-history":[{"count":0,"href":"https:\/\/comunicacion.umh.es\/en\/wp-json\/wp\/v2\/posts\/142115\/revisions"}],"wp:attachment":[{"href":"https:\/\/comunicacion.umh.es\/en\/wp-json\/wp\/v2\/media?parent=142115"}],"wp:term":[{"taxonomy":"category","embeddable":true,"href":"https:\/\/comunicacion.umh.es\/en\/wp-json\/wp\/v2\/categories?post=142115"},{"taxonomy":"post_tag","embeddable":true,"href":"https:\/\/comunicacion.umh.es\/en\/wp-json\/wp\/v2\/tags?post=142115"}],"curies":[{"name":"wp","href":"https:\/\/api.w.org\/{rel}","templated":true}]}}