{"id":145115,"date":"2021-07-19T12:50:56","date_gmt":"2021-07-19T10:50:56","guid":{"rendered":"https:\/\/comunicacion.umh.es\/?p=145115"},"modified":"2021-07-19T12:50:56","modified_gmt":"2021-07-19T10:50:56","slug":"la-umh-y-la-conselleria-de-sociedad-digital-renuevan-el-convenio-de-creacion-de-la-catedra-de-brecha-digital-y-buen-uso-de-las-tic","status":"publish","type":"post","link":"https:\/\/comunicacion.umh.es\/en\/2021\/07\/19\/la-umh-y-la-conselleria-de-sociedad-digital-renuevan-el-convenio-de-creacion-de-la-catedra-de-brecha-digital-y-buen-uso-de-las-tic\/","title":{"rendered":"<span lang=\"es\">(Espa\u00f1ol) La UMH y la Conselleria de Sociedad Digital renuevan el convenio de creaci\u00f3n de la C\u00e1tedra de Brecha Digital y buen uso de las TIC<\/span>"},"content":{"rendered":"<p class=\"qtranxs-available-languages-message qtranxs-available-languages-message-en\">Sorry, this entry is only available in <a href=\"https:\/\/comunicacion.umh.es\/es\/wp-json\/wp\/v2\/posts\/145115\" class=\"qtranxs-available-language-link qtranxs-available-language-link-es\" title=\"Espa\u00f1ol\">European Spanish<\/a>.<\/p>","protected":false},"excerpt":{"rendered":"<p>Sorry, this entry is only available in European Spanish.<\/p>\n","protected":false},"author":6349,"featured_media":0,"comment_status":"closed","ping_status":"open","sticky":false,"template":"","format":"standard","meta":{"ngg_post_thumbnail":0,"_links_to":"","_links_to_target":""},"categories":[43],"tags":[],"_links":{"self":[{"href":"https:\/\/comunicacion.umh.es\/en\/wp-json\/wp\/v2\/posts\/145115"}],"collection":[{"href":"https:\/\/comunicacion.umh.es\/en\/wp-json\/wp\/v2\/posts"}],"about":[{"href":"https:\/\/comunicacion.umh.es\/en\/wp-json\/wp\/v2\/types\/post"}],"author":[{"embeddable":true,"href":"https:\/\/comunicacion.umh.es\/en\/wp-json\/wp\/v2\/users\/6349"}],"replies":[{"embeddable":true,"href":"https:\/\/comunicacion.umh.es\/en\/wp-json\/wp\/v2\/comments?post=145115"}],"version-history":[{"count":0,"href":"https:\/\/comunicacion.umh.es\/en\/wp-json\/wp\/v2\/posts\/145115\/revisions"}],"wp:attachment":[{"href":"https:\/\/comunicacion.umh.es\/en\/wp-json\/wp\/v2\/media?parent=145115"}],"wp:term":[{"taxonomy":"category","embeddable":true,"href":"https:\/\/comunicacion.umh.es\/en\/wp-json\/wp\/v2\/categories?post=145115"},{"taxonomy":"post_tag","embeddable":true,"href":"https:\/\/comunicacion.umh.es\/en\/wp-json\/wp\/v2\/tags?post=145115"}],"curies":[{"name":"wp","href":"https:\/\/api.w.org\/{rel}","templated":true}]}}