{"id":146553,"date":"2021-10-05T11:03:54","date_gmt":"2021-10-05T09:03:54","guid":{"rendered":"https:\/\/comunicacion.umh.es\/?p=146553"},"modified":"2021-10-05T13:29:56","modified_gmt":"2021-10-05T11:29:56","slug":"estudiantes-del-master-universitario-erasmus-mundus-de-la-umh-visitan-las-instalaciones-en-las-que-realizaran-su-actividad-academica-y-formativa","status":"publish","type":"post","link":"https:\/\/comunicacion.umh.es\/en\/2021\/10\/05\/estudiantes-del-master-universitario-erasmus-mundus-de-la-umh-visitan-las-instalaciones-en-las-que-realizaran-su-actividad-academica-y-formativa\/","title":{"rendered":"<span lang=\"es\">(Espa\u00f1ol) Estudiantes del M\u00e1ster Universitario Erasmus Mundus visitan en la UMH las instalaciones en las que realizar\u00e1n su actividad acad\u00e9mica y formativa<\/span>"},"content":{"rendered":"<p class=\"qtranxs-available-languages-message qtranxs-available-languages-message-en\">Sorry, this entry is only available in <a href=\"https:\/\/comunicacion.umh.es\/es\/wp-json\/wp\/v2\/posts\/146553\" class=\"qtranxs-available-language-link qtranxs-available-language-link-es\" title=\"Espa\u00f1ol\">European Spanish<\/a>.<\/p>","protected":false},"excerpt":{"rendered":"<p>Sorry, this entry is only available in European Spanish.<\/p>\n","protected":false},"author":2693,"featured_media":0,"comment_status":"closed","ping_status":"open","sticky":false,"template":"","format":"standard","meta":{"ngg_post_thumbnail":0,"_links_to":"","_links_to_target":""},"categories":[43],"tags":[],"_links":{"self":[{"href":"https:\/\/comunicacion.umh.es\/en\/wp-json\/wp\/v2\/posts\/146553"}],"collection":[{"href":"https:\/\/comunicacion.umh.es\/en\/wp-json\/wp\/v2\/posts"}],"about":[{"href":"https:\/\/comunicacion.umh.es\/en\/wp-json\/wp\/v2\/types\/post"}],"author":[{"embeddable":true,"href":"https:\/\/comunicacion.umh.es\/en\/wp-json\/wp\/v2\/users\/2693"}],"replies":[{"embeddable":true,"href":"https:\/\/comunicacion.umh.es\/en\/wp-json\/wp\/v2\/comments?post=146553"}],"version-history":[{"count":0,"href":"https:\/\/comunicacion.umh.es\/en\/wp-json\/wp\/v2\/posts\/146553\/revisions"}],"wp:attachment":[{"href":"https:\/\/comunicacion.umh.es\/en\/wp-json\/wp\/v2\/media?parent=146553"}],"wp:term":[{"taxonomy":"category","embeddable":true,"href":"https:\/\/comunicacion.umh.es\/en\/wp-json\/wp\/v2\/categories?post=146553"},{"taxonomy":"post_tag","embeddable":true,"href":"https:\/\/comunicacion.umh.es\/en\/wp-json\/wp\/v2\/tags?post=146553"}],"curies":[{"name":"wp","href":"https:\/\/api.w.org\/{rel}","templated":true}]}}