{"id":148042,"date":"2021-11-18T09:38:33","date_gmt":"2021-11-18T08:38:33","guid":{"rendered":"https:\/\/comunicacion.umh.es\/?p=148042"},"modified":"2021-11-18T09:38:33","modified_gmt":"2021-11-18T08:38:33","slug":"conferencia-farmacometria-y-modelos-matematicos-para-optimizar-el-uso-y-desarrollo-de-farmacos-en-enfermedades-infecciosas","status":"publish","type":"post","link":"https:\/\/comunicacion.umh.es\/en\/2021\/11\/18\/conferencia-farmacometria-y-modelos-matematicos-para-optimizar-el-uso-y-desarrollo-de-farmacos-en-enfermedades-infecciosas\/","title":{"rendered":"<span lang=\"es\">(Espa\u00f1ol) Conferencia: \u2018Farmacometr\u00eda y modelos matem\u00e1ticos para optimizar el uso y desarrollo de f\u00e1rmacos en enfermedades infecciosas\u2019<\/span>"},"content":{"rendered":"<p class=\"qtranxs-available-languages-message qtranxs-available-languages-message-en\">Sorry, this entry is only available in <a href=\"https:\/\/comunicacion.umh.es\/es\/wp-json\/wp\/v2\/posts\/148042\" class=\"qtranxs-available-language-link qtranxs-available-language-link-es\" title=\"Espa\u00f1ol\">European Spanish<\/a>.<\/p>","protected":false},"excerpt":{"rendered":"<p>Sorry, this entry is only available in European Spanish.<\/p>\n","protected":false},"author":2693,"featured_media":0,"comment_status":"closed","ping_status":"open","sticky":false,"template":"","format":"standard","meta":{"ngg_post_thumbnail":0,"_links_to":"","_links_to_target":""},"categories":[43],"tags":[],"_links":{"self":[{"href":"https:\/\/comunicacion.umh.es\/en\/wp-json\/wp\/v2\/posts\/148042"}],"collection":[{"href":"https:\/\/comunicacion.umh.es\/en\/wp-json\/wp\/v2\/posts"}],"about":[{"href":"https:\/\/comunicacion.umh.es\/en\/wp-json\/wp\/v2\/types\/post"}],"author":[{"embeddable":true,"href":"https:\/\/comunicacion.umh.es\/en\/wp-json\/wp\/v2\/users\/2693"}],"replies":[{"embeddable":true,"href":"https:\/\/comunicacion.umh.es\/en\/wp-json\/wp\/v2\/comments?post=148042"}],"version-history":[{"count":0,"href":"https:\/\/comunicacion.umh.es\/en\/wp-json\/wp\/v2\/posts\/148042\/revisions"}],"wp:attachment":[{"href":"https:\/\/comunicacion.umh.es\/en\/wp-json\/wp\/v2\/media?parent=148042"}],"wp:term":[{"taxonomy":"category","embeddable":true,"href":"https:\/\/comunicacion.umh.es\/en\/wp-json\/wp\/v2\/categories?post=148042"},{"taxonomy":"post_tag","embeddable":true,"href":"https:\/\/comunicacion.umh.es\/en\/wp-json\/wp\/v2\/tags?post=148042"}],"curies":[{"name":"wp","href":"https:\/\/api.w.org\/{rel}","templated":true}]}}