{"id":150016,"date":"2022-01-21T10:20:04","date_gmt":"2022-01-21T09:20:04","guid":{"rendered":"https:\/\/comunicacion.umh.es\/?p=150016"},"modified":"2022-01-21T12:30:57","modified_gmt":"2022-01-21T11:30:57","slug":"la-lliga-de-debat-universitaria-de-la-xarxa-vives-debatra-sobre-la-necessitat-duna-farmaceutica-publica-a-la-unio-europea","status":"publish","type":"post","link":"https:\/\/comunicacion.umh.es\/en\/2022\/01\/21\/la-lliga-de-debat-universitaria-de-la-xarxa-vives-debatra-sobre-la-necessitat-duna-farmaceutica-publica-a-la-unio-europea\/","title":{"rendered":"<span lang=\"es\">(Espa\u00f1ol) La Lliga de Debat Universit\u00e0ria de la Xarxa Vives debatr\u00e0 sobre la necessitat d\u2019una farmac\u00e8utica p\u00fablica a la Uni\u00f3 Europea<\/span>"},"content":{"rendered":"<p class=\"qtranxs-available-languages-message qtranxs-available-languages-message-en\">Sorry, this entry is only available in <a href=\"https:\/\/comunicacion.umh.es\/es\/wp-json\/wp\/v2\/posts\/150016\" class=\"qtranxs-available-language-link qtranxs-available-language-link-es\" title=\"Espa\u00f1ol\">European Spanish<\/a>.<\/p>","protected":false},"excerpt":{"rendered":"<p>Sorry, this entry is only available in European Spanish.<\/p>\n","protected":false},"author":17010,"featured_media":0,"comment_status":"closed","ping_status":"open","sticky":false,"template":"","format":"standard","meta":{"ngg_post_thumbnail":0,"_links_to":"","_links_to_target":""},"categories":[43],"tags":[],"_links":{"self":[{"href":"https:\/\/comunicacion.umh.es\/en\/wp-json\/wp\/v2\/posts\/150016"}],"collection":[{"href":"https:\/\/comunicacion.umh.es\/en\/wp-json\/wp\/v2\/posts"}],"about":[{"href":"https:\/\/comunicacion.umh.es\/en\/wp-json\/wp\/v2\/types\/post"}],"author":[{"embeddable":true,"href":"https:\/\/comunicacion.umh.es\/en\/wp-json\/wp\/v2\/users\/17010"}],"replies":[{"embeddable":true,"href":"https:\/\/comunicacion.umh.es\/en\/wp-json\/wp\/v2\/comments?post=150016"}],"version-history":[{"count":0,"href":"https:\/\/comunicacion.umh.es\/en\/wp-json\/wp\/v2\/posts\/150016\/revisions"}],"wp:attachment":[{"href":"https:\/\/comunicacion.umh.es\/en\/wp-json\/wp\/v2\/media?parent=150016"}],"wp:term":[{"taxonomy":"category","embeddable":true,"href":"https:\/\/comunicacion.umh.es\/en\/wp-json\/wp\/v2\/categories?post=150016"},{"taxonomy":"post_tag","embeddable":true,"href":"https:\/\/comunicacion.umh.es\/en\/wp-json\/wp\/v2\/tags?post=150016"}],"curies":[{"name":"wp","href":"https:\/\/api.w.org\/{rel}","templated":true}]}}