{"id":151738,"date":"2022-03-11T10:29:52","date_gmt":"2022-03-11T09:29:52","guid":{"rendered":"https:\/\/comunicacion.umh.es\/?p=151738"},"modified":"2022-03-11T10:29:52","modified_gmt":"2022-03-11T09:29:52","slug":"la-asociacion-de-radios-universitarias-de-espana-realiza-una-programacion-especial-colaborativa-en-apoyo-a-ucrania","status":"publish","type":"post","link":"https:\/\/comunicacion.umh.es\/en\/2022\/03\/11\/la-asociacion-de-radios-universitarias-de-espana-realiza-una-programacion-especial-colaborativa-en-apoyo-a-ucrania\/","title":{"rendered":"<span lang=\"es\">(Espa\u00f1ol) La Asociaci\u00f3n de Radios Universitarias de Espa\u00f1a realiza una programaci\u00f3n especial colaborativa en apoyo a Ucrania<\/span>"},"content":{"rendered":"<p class=\"qtranxs-available-languages-message qtranxs-available-languages-message-en\">Sorry, this entry is only available in <a href=\"https:\/\/comunicacion.umh.es\/es\/wp-json\/wp\/v2\/posts\/151738\" class=\"qtranxs-available-language-link qtranxs-available-language-link-es\" title=\"Espa\u00f1ol\">European Spanish<\/a>.<\/p>","protected":false},"excerpt":{"rendered":"<p>Sorry, this entry is only available in European Spanish.<\/p>\n","protected":false},"author":17010,"featured_media":0,"comment_status":"closed","ping_status":"open","sticky":false,"template":"","format":"standard","meta":{"ngg_post_thumbnail":0,"_links_to":"","_links_to_target":""},"categories":[43],"tags":[],"_links":{"self":[{"href":"https:\/\/comunicacion.umh.es\/en\/wp-json\/wp\/v2\/posts\/151738"}],"collection":[{"href":"https:\/\/comunicacion.umh.es\/en\/wp-json\/wp\/v2\/posts"}],"about":[{"href":"https:\/\/comunicacion.umh.es\/en\/wp-json\/wp\/v2\/types\/post"}],"author":[{"embeddable":true,"href":"https:\/\/comunicacion.umh.es\/en\/wp-json\/wp\/v2\/users\/17010"}],"replies":[{"embeddable":true,"href":"https:\/\/comunicacion.umh.es\/en\/wp-json\/wp\/v2\/comments?post=151738"}],"version-history":[{"count":0,"href":"https:\/\/comunicacion.umh.es\/en\/wp-json\/wp\/v2\/posts\/151738\/revisions"}],"wp:attachment":[{"href":"https:\/\/comunicacion.umh.es\/en\/wp-json\/wp\/v2\/media?parent=151738"}],"wp:term":[{"taxonomy":"category","embeddable":true,"href":"https:\/\/comunicacion.umh.es\/en\/wp-json\/wp\/v2\/categories?post=151738"},{"taxonomy":"post_tag","embeddable":true,"href":"https:\/\/comunicacion.umh.es\/en\/wp-json\/wp\/v2\/tags?post=151738"}],"curies":[{"name":"wp","href":"https:\/\/api.w.org\/{rel}","templated":true}]}}