{"id":155298,"date":"2022-07-04T12:07:32","date_gmt":"2022-07-04T10:07:32","guid":{"rendered":"https:\/\/comunicacion.umh.es\/?p=155298"},"modified":"2022-07-04T12:07:32","modified_gmt":"2022-07-04T10:07:32","slug":"el-elche-cf-realiza-las-primeras-pruebas-de-valoracion-de-pretemporada-en-el-centro-de-investigacion-del-deporte-de-la-umh","status":"publish","type":"post","link":"https:\/\/comunicacion.umh.es\/en\/2022\/07\/04\/el-elche-cf-realiza-las-primeras-pruebas-de-valoracion-de-pretemporada-en-el-centro-de-investigacion-del-deporte-de-la-umh\/","title":{"rendered":"<span lang=\"es\">(Espa\u00f1ol) El Elche CF realiza las primeras pruebas de valoraci\u00f3n de pretemporada en el Centro de Investigaci\u00f3n del Deporte de la UMH<\/span>"},"content":{"rendered":"<p class=\"qtranxs-available-languages-message qtranxs-available-languages-message-en\">Sorry, this entry is only available in <a href=\"https:\/\/comunicacion.umh.es\/es\/wp-json\/wp\/v2\/posts\/155298\" class=\"qtranxs-available-language-link qtranxs-available-language-link-es\" title=\"Espa\u00f1ol\">European Spanish<\/a>.<\/p>","protected":false},"excerpt":{"rendered":"<p>Sorry, this entry is only available in European Spanish.<\/p>\n","protected":false},"author":18258,"featured_media":0,"comment_status":"closed","ping_status":"open","sticky":false,"template":"","format":"standard","meta":{"ngg_post_thumbnail":0,"_links_to":"","_links_to_target":""},"categories":[43],"tags":[],"_links":{"self":[{"href":"https:\/\/comunicacion.umh.es\/en\/wp-json\/wp\/v2\/posts\/155298"}],"collection":[{"href":"https:\/\/comunicacion.umh.es\/en\/wp-json\/wp\/v2\/posts"}],"about":[{"href":"https:\/\/comunicacion.umh.es\/en\/wp-json\/wp\/v2\/types\/post"}],"author":[{"embeddable":true,"href":"https:\/\/comunicacion.umh.es\/en\/wp-json\/wp\/v2\/users\/18258"}],"replies":[{"embeddable":true,"href":"https:\/\/comunicacion.umh.es\/en\/wp-json\/wp\/v2\/comments?post=155298"}],"version-history":[{"count":0,"href":"https:\/\/comunicacion.umh.es\/en\/wp-json\/wp\/v2\/posts\/155298\/revisions"}],"wp:attachment":[{"href":"https:\/\/comunicacion.umh.es\/en\/wp-json\/wp\/v2\/media?parent=155298"}],"wp:term":[{"taxonomy":"category","embeddable":true,"href":"https:\/\/comunicacion.umh.es\/en\/wp-json\/wp\/v2\/categories?post=155298"},{"taxonomy":"post_tag","embeddable":true,"href":"https:\/\/comunicacion.umh.es\/en\/wp-json\/wp\/v2\/tags?post=155298"}],"curies":[{"name":"wp","href":"https:\/\/api.w.org\/{rel}","templated":true}]}}