{"id":156005,"date":"2022-07-29T09:09:21","date_gmt":"2022-07-29T07:09:21","guid":{"rendered":"https:\/\/comunicacion.umh.es\/?p=156005"},"modified":"2022-07-29T09:09:21","modified_gmt":"2022-07-29T07:09:21","slug":"las-profesoras-de-bellas-artes-maria-jose-zanon-y-lourdes-santamaria-participan-en-avila-en-la-muestra-palacio-15","status":"publish","type":"post","link":"https:\/\/comunicacion.umh.es\/en\/2022\/07\/29\/las-profesoras-de-bellas-artes-maria-jose-zanon-y-lourdes-santamaria-participan-en-avila-en-la-muestra-palacio-15\/","title":{"rendered":"<span lang=\"es\">(Espa\u00f1ol) Las profesoras de Bellas Artes Mar\u00eda Jos\u00e9 Zan\u00f3n y Lourdes Santamar\u00eda participan en \u00c1vila en la muestra \u2018Palacio 15\u2019<\/span>"},"content":{"rendered":"<p class=\"qtranxs-available-languages-message qtranxs-available-languages-message-en\">Sorry, this entry is only available in <a href=\"https:\/\/comunicacion.umh.es\/es\/wp-json\/wp\/v2\/posts\/156005\" class=\"qtranxs-available-language-link qtranxs-available-language-link-es\" title=\"Espa\u00f1ol\">European Spanish<\/a>.<\/p>","protected":false},"excerpt":{"rendered":"<p>Sorry, this entry is only available in European Spanish.<\/p>\n","protected":false},"author":2693,"featured_media":0,"comment_status":"closed","ping_status":"open","sticky":false,"template":"","format":"standard","meta":{"ngg_post_thumbnail":0,"_links_to":"","_links_to_target":""},"categories":[43],"tags":[],"_links":{"self":[{"href":"https:\/\/comunicacion.umh.es\/en\/wp-json\/wp\/v2\/posts\/156005"}],"collection":[{"href":"https:\/\/comunicacion.umh.es\/en\/wp-json\/wp\/v2\/posts"}],"about":[{"href":"https:\/\/comunicacion.umh.es\/en\/wp-json\/wp\/v2\/types\/post"}],"author":[{"embeddable":true,"href":"https:\/\/comunicacion.umh.es\/en\/wp-json\/wp\/v2\/users\/2693"}],"replies":[{"embeddable":true,"href":"https:\/\/comunicacion.umh.es\/en\/wp-json\/wp\/v2\/comments?post=156005"}],"version-history":[{"count":0,"href":"https:\/\/comunicacion.umh.es\/en\/wp-json\/wp\/v2\/posts\/156005\/revisions"}],"wp:attachment":[{"href":"https:\/\/comunicacion.umh.es\/en\/wp-json\/wp\/v2\/media?parent=156005"}],"wp:term":[{"taxonomy":"category","embeddable":true,"href":"https:\/\/comunicacion.umh.es\/en\/wp-json\/wp\/v2\/categories?post=156005"},{"taxonomy":"post_tag","embeddable":true,"href":"https:\/\/comunicacion.umh.es\/en\/wp-json\/wp\/v2\/tags?post=156005"}],"curies":[{"name":"wp","href":"https:\/\/api.w.org\/{rel}","templated":true}]}}