{"id":156152,"date":"2022-09-07T10:48:40","date_gmt":"2022-09-07T08:48:40","guid":{"rendered":"https:\/\/comunicacion.umh.es\/?p=156152"},"modified":"2022-09-12T11:58:07","modified_gmt":"2022-09-12T09:58:07","slug":"abierto-el-plazo-de-inscripcion-para-el-xxi-encuentro-de-rectores-del-grupo-tordesillas-que-se-celebrara-en-la-umh-2","status":"publish","type":"post","link":"https:\/\/comunicacion.umh.es\/en\/2022\/09\/07\/abierto-el-plazo-de-inscripcion-para-el-xxi-encuentro-de-rectores-del-grupo-tordesillas-que-se-celebrara-en-la-umh-2\/","title":{"rendered":"<span lang=\"es\">(Espa\u00f1ol) Abierto el plazo de inscripci\u00f3n para el XXI Encuentro de Rectores del Grupo Tordesillas, que se celebrar\u00e1 en la UMH<\/span>"},"content":{"rendered":"<p class=\"qtranxs-available-languages-message qtranxs-available-languages-message-en\">Sorry, this entry is only available in <a href=\"https:\/\/comunicacion.umh.es\/es\/wp-json\/wp\/v2\/posts\/156152\" class=\"qtranxs-available-language-link qtranxs-available-language-link-es\" title=\"Espa\u00f1ol\">European Spanish<\/a>.<\/p>","protected":false},"excerpt":{"rendered":"<p>Sorry, this entry is only available in European Spanish.<\/p>\n","protected":false},"author":18258,"featured_media":0,"comment_status":"closed","ping_status":"open","sticky":false,"template":"","format":"standard","meta":{"ngg_post_thumbnail":0,"_links_to":"","_links_to_target":""},"categories":[43],"tags":[],"_links":{"self":[{"href":"https:\/\/comunicacion.umh.es\/en\/wp-json\/wp\/v2\/posts\/156152"}],"collection":[{"href":"https:\/\/comunicacion.umh.es\/en\/wp-json\/wp\/v2\/posts"}],"about":[{"href":"https:\/\/comunicacion.umh.es\/en\/wp-json\/wp\/v2\/types\/post"}],"author":[{"embeddable":true,"href":"https:\/\/comunicacion.umh.es\/en\/wp-json\/wp\/v2\/users\/18258"}],"replies":[{"embeddable":true,"href":"https:\/\/comunicacion.umh.es\/en\/wp-json\/wp\/v2\/comments?post=156152"}],"version-history":[{"count":0,"href":"https:\/\/comunicacion.umh.es\/en\/wp-json\/wp\/v2\/posts\/156152\/revisions"}],"wp:attachment":[{"href":"https:\/\/comunicacion.umh.es\/en\/wp-json\/wp\/v2\/media?parent=156152"}],"wp:term":[{"taxonomy":"category","embeddable":true,"href":"https:\/\/comunicacion.umh.es\/en\/wp-json\/wp\/v2\/categories?post=156152"},{"taxonomy":"post_tag","embeddable":true,"href":"https:\/\/comunicacion.umh.es\/en\/wp-json\/wp\/v2\/tags?post=156152"}],"curies":[{"name":"wp","href":"https:\/\/api.w.org\/{rel}","templated":true}]}}