{"id":156338,"date":"2022-09-14T11:05:37","date_gmt":"2022-09-14T09:05:37","guid":{"rendered":"https:\/\/comunicacion.umh.es\/?p=156338"},"modified":"2022-09-14T11:49:17","modified_gmt":"2022-09-14T09:49:17","slug":"las-universidades-publicas-valencianas-firman-un-convenio-con-la-generalitat-para-la-movilidad-laboral-de-victimas-de-violencia-de-genero","status":"publish","type":"post","link":"https:\/\/comunicacion.umh.es\/en\/2022\/09\/14\/las-universidades-publicas-valencianas-firman-un-convenio-con-la-generalitat-para-la-movilidad-laboral-de-victimas-de-violencia-de-genero\/","title":{"rendered":"<span lang=\"es\">(Espa\u00f1ol) Las universidades p\u00fablicas valencianas firman un convenio con la Generalitat para la movilidad laboral de v\u00edctimas de violencia de g\u00e9nero<\/span>"},"content":{"rendered":"<p class=\"qtranxs-available-languages-message qtranxs-available-languages-message-en\">Sorry, this entry is only available in <a href=\"https:\/\/comunicacion.umh.es\/es\/wp-json\/wp\/v2\/posts\/156338\" class=\"qtranxs-available-language-link qtranxs-available-language-link-es\" title=\"Espa\u00f1ol\">European Spanish<\/a>.<\/p>","protected":false},"excerpt":{"rendered":"<p>Sorry, this entry is only available in European Spanish.<\/p>\n","protected":false},"author":18258,"featured_media":0,"comment_status":"closed","ping_status":"open","sticky":false,"template":"","format":"standard","meta":{"ngg_post_thumbnail":0,"_links_to":"","_links_to_target":""},"categories":[43],"tags":[],"_links":{"self":[{"href":"https:\/\/comunicacion.umh.es\/en\/wp-json\/wp\/v2\/posts\/156338"}],"collection":[{"href":"https:\/\/comunicacion.umh.es\/en\/wp-json\/wp\/v2\/posts"}],"about":[{"href":"https:\/\/comunicacion.umh.es\/en\/wp-json\/wp\/v2\/types\/post"}],"author":[{"embeddable":true,"href":"https:\/\/comunicacion.umh.es\/en\/wp-json\/wp\/v2\/users\/18258"}],"replies":[{"embeddable":true,"href":"https:\/\/comunicacion.umh.es\/en\/wp-json\/wp\/v2\/comments?post=156338"}],"version-history":[{"count":0,"href":"https:\/\/comunicacion.umh.es\/en\/wp-json\/wp\/v2\/posts\/156338\/revisions"}],"wp:attachment":[{"href":"https:\/\/comunicacion.umh.es\/en\/wp-json\/wp\/v2\/media?parent=156338"}],"wp:term":[{"taxonomy":"category","embeddable":true,"href":"https:\/\/comunicacion.umh.es\/en\/wp-json\/wp\/v2\/categories?post=156338"},{"taxonomy":"post_tag","embeddable":true,"href":"https:\/\/comunicacion.umh.es\/en\/wp-json\/wp\/v2\/tags?post=156338"}],"curies":[{"name":"wp","href":"https:\/\/api.w.org\/{rel}","templated":true}]}}