{"id":157012,"date":"2022-09-30T10:57:43","date_gmt":"2022-09-30T08:57:43","guid":{"rendered":"https:\/\/comunicacion.umh.es\/?p=157012"},"modified":"2022-09-30T10:57:43","modified_gmt":"2022-09-30T08:57:43","slug":"el-profesor-jose-meseguer-penalver-imparte-la-conferencia-neurologia-ciencia-y-arte-en-la-obra-de-santiago-ramon-y-cajal","status":"publish","type":"post","link":"https:\/\/comunicacion.umh.es\/en\/2022\/09\/30\/el-profesor-jose-meseguer-penalver-imparte-la-conferencia-neurologia-ciencia-y-arte-en-la-obra-de-santiago-ramon-y-cajal\/","title":{"rendered":"<span lang=\"es\">(Espa\u00f1ol) El profesor Jos\u00e9 Meseguer Pe\u00f1alver imparte la conferencia \u2018Neurolog\u00eda. Ciencia y arte en la obra de Santiago Ram\u00f3n y Cajal\u2019<\/span>"},"content":{"rendered":"<p class=\"qtranxs-available-languages-message qtranxs-available-languages-message-en\">Sorry, this entry is only available in <a href=\"https:\/\/comunicacion.umh.es\/es\/wp-json\/wp\/v2\/posts\/157012\" class=\"qtranxs-available-language-link qtranxs-available-language-link-es\" title=\"Espa\u00f1ol\">European Spanish<\/a>.<\/p>","protected":false},"excerpt":{"rendered":"<p>Sorry, this entry is only available in European Spanish.<\/p>\n","protected":false},"author":18258,"featured_media":0,"comment_status":"closed","ping_status":"open","sticky":false,"template":"","format":"standard","meta":{"ngg_post_thumbnail":0,"_links_to":"","_links_to_target":""},"categories":[43],"tags":[],"_links":{"self":[{"href":"https:\/\/comunicacion.umh.es\/en\/wp-json\/wp\/v2\/posts\/157012"}],"collection":[{"href":"https:\/\/comunicacion.umh.es\/en\/wp-json\/wp\/v2\/posts"}],"about":[{"href":"https:\/\/comunicacion.umh.es\/en\/wp-json\/wp\/v2\/types\/post"}],"author":[{"embeddable":true,"href":"https:\/\/comunicacion.umh.es\/en\/wp-json\/wp\/v2\/users\/18258"}],"replies":[{"embeddable":true,"href":"https:\/\/comunicacion.umh.es\/en\/wp-json\/wp\/v2\/comments?post=157012"}],"version-history":[{"count":0,"href":"https:\/\/comunicacion.umh.es\/en\/wp-json\/wp\/v2\/posts\/157012\/revisions"}],"wp:attachment":[{"href":"https:\/\/comunicacion.umh.es\/en\/wp-json\/wp\/v2\/media?parent=157012"}],"wp:term":[{"taxonomy":"category","embeddable":true,"href":"https:\/\/comunicacion.umh.es\/en\/wp-json\/wp\/v2\/categories?post=157012"},{"taxonomy":"post_tag","embeddable":true,"href":"https:\/\/comunicacion.umh.es\/en\/wp-json\/wp\/v2\/tags?post=157012"}],"curies":[{"name":"wp","href":"https:\/\/api.w.org\/{rel}","templated":true}]}}