{"id":158032,"date":"2022-10-26T10:29:17","date_gmt":"2022-10-26T08:29:17","guid":{"rendered":"https:\/\/comunicacion.umh.es\/?p=158032"},"modified":"2022-10-27T10:31:10","modified_gmt":"2022-10-27T08:31:10","slug":"la-umh-acoge-el-i-torneo-de-debate-preuniversitario-de-la-catedra-de-pensamiento-critico-divina-pastora","status":"publish","type":"post","link":"https:\/\/comunicacion.umh.es\/en\/2022\/10\/26\/la-umh-acoge-el-i-torneo-de-debate-preuniversitario-de-la-catedra-de-pensamiento-critico-divina-pastora\/","title":{"rendered":"<span lang=\"es\">(Espa\u00f1ol) La UMH acoge el I Torneo de Debate Preuniversitario de la C\u00e1tedra de Pensamiento Cr\u00edtico Divina Pastora<\/span>"},"content":{"rendered":"<p class=\"qtranxs-available-languages-message qtranxs-available-languages-message-en\">Sorry, this entry is only available in <a href=\"https:\/\/comunicacion.umh.es\/es\/wp-json\/wp\/v2\/posts\/158032\" class=\"qtranxs-available-language-link qtranxs-available-language-link-es\" title=\"Espa\u00f1ol\">European Spanish<\/a>.<\/p>","protected":false},"excerpt":{"rendered":"<p>Sorry, this entry is only available in European Spanish.<\/p>\n","protected":false},"author":18258,"featured_media":0,"comment_status":"closed","ping_status":"open","sticky":false,"template":"","format":"standard","meta":{"ngg_post_thumbnail":0,"_links_to":"","_links_to_target":""},"categories":[43],"tags":[],"_links":{"self":[{"href":"https:\/\/comunicacion.umh.es\/en\/wp-json\/wp\/v2\/posts\/158032"}],"collection":[{"href":"https:\/\/comunicacion.umh.es\/en\/wp-json\/wp\/v2\/posts"}],"about":[{"href":"https:\/\/comunicacion.umh.es\/en\/wp-json\/wp\/v2\/types\/post"}],"author":[{"embeddable":true,"href":"https:\/\/comunicacion.umh.es\/en\/wp-json\/wp\/v2\/users\/18258"}],"replies":[{"embeddable":true,"href":"https:\/\/comunicacion.umh.es\/en\/wp-json\/wp\/v2\/comments?post=158032"}],"version-history":[{"count":0,"href":"https:\/\/comunicacion.umh.es\/en\/wp-json\/wp\/v2\/posts\/158032\/revisions"}],"wp:attachment":[{"href":"https:\/\/comunicacion.umh.es\/en\/wp-json\/wp\/v2\/media?parent=158032"}],"wp:term":[{"taxonomy":"category","embeddable":true,"href":"https:\/\/comunicacion.umh.es\/en\/wp-json\/wp\/v2\/categories?post=158032"},{"taxonomy":"post_tag","embeddable":true,"href":"https:\/\/comunicacion.umh.es\/en\/wp-json\/wp\/v2\/tags?post=158032"}],"curies":[{"name":"wp","href":"https:\/\/api.w.org\/{rel}","templated":true}]}}