{"id":162592,"date":"2023-03-30T09:13:39","date_gmt":"2023-03-30T07:13:39","guid":{"rendered":"https:\/\/comunicacion.umh.es\/?p=162592"},"modified":"2023-03-30T14:32:39","modified_gmt":"2023-03-30T12:32:39","slug":"el-catedratico-de-la-umh-jorge-alio-miembro-numerario-de-la-asociacion-espanola-de-medicos-y-escritores-artistas","status":"publish","type":"post","link":"https:\/\/comunicacion.umh.es\/en\/2023\/03\/30\/el-catedratico-de-la-umh-jorge-alio-miembro-numerario-de-la-asociacion-espanola-de-medicos-y-escritores-artistas\/","title":{"rendered":"<span lang=\"es\">(Espa\u00f1ol) El catedr\u00e1tico Jorge Ali\u00f3, miembro numerario de la Asociaci\u00f3n Espa\u00f1ola de M\u00e9dicos Escritores y Artistas<\/span>"},"content":{"rendered":"<p class=\"qtranxs-available-languages-message qtranxs-available-languages-message-en\">Sorry, this entry is only available in <a href=\"https:\/\/comunicacion.umh.es\/es\/wp-json\/wp\/v2\/posts\/162592\" class=\"qtranxs-available-language-link qtranxs-available-language-link-es\" title=\"Espa\u00f1ol\">European Spanish<\/a>.<\/p>","protected":false},"excerpt":{"rendered":"<p>Sorry, this entry is only available in European Spanish.<\/p>\n","protected":false},"author":23263,"featured_media":0,"comment_status":"closed","ping_status":"open","sticky":false,"template":"","format":"standard","meta":{"ngg_post_thumbnail":0,"_links_to":"","_links_to_target":""},"categories":[43],"tags":[],"_links":{"self":[{"href":"https:\/\/comunicacion.umh.es\/en\/wp-json\/wp\/v2\/posts\/162592"}],"collection":[{"href":"https:\/\/comunicacion.umh.es\/en\/wp-json\/wp\/v2\/posts"}],"about":[{"href":"https:\/\/comunicacion.umh.es\/en\/wp-json\/wp\/v2\/types\/post"}],"author":[{"embeddable":true,"href":"https:\/\/comunicacion.umh.es\/en\/wp-json\/wp\/v2\/users\/23263"}],"replies":[{"embeddable":true,"href":"https:\/\/comunicacion.umh.es\/en\/wp-json\/wp\/v2\/comments?post=162592"}],"version-history":[{"count":0,"href":"https:\/\/comunicacion.umh.es\/en\/wp-json\/wp\/v2\/posts\/162592\/revisions"}],"wp:attachment":[{"href":"https:\/\/comunicacion.umh.es\/en\/wp-json\/wp\/v2\/media?parent=162592"}],"wp:term":[{"taxonomy":"category","embeddable":true,"href":"https:\/\/comunicacion.umh.es\/en\/wp-json\/wp\/v2\/categories?post=162592"},{"taxonomy":"post_tag","embeddable":true,"href":"https:\/\/comunicacion.umh.es\/en\/wp-json\/wp\/v2\/tags?post=162592"}],"curies":[{"name":"wp","href":"https:\/\/api.w.org\/{rel}","templated":true}]}}